{"id":573,"date":"2019-06-10T09:00:49","date_gmt":"2019-06-10T07:00:49","guid":{"rendered":"https:\/\/www.auresa.de\/blog\/?p=573"},"modified":"2025-03-03T18:28:55","modified_gmt":"2025-03-03T17:28:55","slug":"wie-viel-gruener-tee-am-tag","status":"publish","type":"post","link":"https:\/\/www.auresa.de\/blog\/wie-viel-gruener-tee-am-tag\/","title":{"rendered":"Wie viel gr\u00fcner Tee am Tag?"},"content":{"rendered":"<p>Eine genaue Aussage zu dieser Frage zu treffen ist schwierig, da sehr viele verschiedene Sorten Gr\u00fcntee existieren. Ein entscheidender Faktor ist dabei immer der Koffeingehalt, den vor allem Menschen die empfindlich auf Koffein reagieren beachten sollten. Des Weiteren spielt die Zubereitung, allen voran die Ziehzeit eine ganz wichtige Rolle. <!--more-->Es gibt jedoch teinarme Gr\u00fcnteesorten wie unseren <a title=\"Bancha\" href=\"https:\/\/www.auresa.de\/bancha\">Bancha<\/a>, die bedenkenlos den ganzen Tag \u00fcber auch in gr\u00f6\u00dferen Mengen getrunken werden k\u00f6nnen.<\/p>\n<h2>Empfehlung<\/h2>\n<p><a title=\"Bio Gunpowder\" href=\"https:\/\/www.auresa.de\/bio-gunpowder\" target=\"_blank\" rel=\"noopener\"><img loading=\"lazy\" decoding=\"async\" class=\"size-medium wp-image-4424 alignright\" src=\"https:\/\/www.auresa.de\/blog\/wp-content\/uploads\/2020\/03\/10134-91247-300x284.jpg\" alt=\"Loser Tee Gunpowder\" width=\"300\" height=\"284\" srcset=\"https:\/\/www.auresa.de\/blog\/wp-content\/uploads\/2020\/03\/10134-91247-300x284.jpg 300w, https:\/\/www.auresa.de\/blog\/wp-content\/uploads\/2020\/03\/10134-91247-768x727.jpg 768w, https:\/\/www.auresa.de\/blog\/wp-content\/uploads\/2020\/03\/10134-91247.jpg 1000w\" sizes=\"auto, (max-width: 300px) 100vw, 300px\" \/><\/a>Als grobe Richtlinie l\u00e4sst sich festhalten, dass von einem handels\u00fcblichen gr\u00fcnen Tee etwa 800ml t\u00e4glich getrunken werden k\u00f6nnen. Eine normale Tasse fasst circa 250ml, sodass man mit drei Tassen Gr\u00fcntee \u00fcber den Tag verteilt rechnen kann.<\/p>\n<p>Um etwas Abwechslung in den Genuss von gr\u00fcnem Tee zu bringen, k\u00f6nnen verschiedene Sorten getrunken werden. Am Morgen eignet sich beispielsweise hervorragend der <a title=\"Bio Gunpowder\" href=\"https:\/\/www.auresa.de\/bio-gunpowder\" target=\"_blank\" rel=\"noopener noreferrer\">Gr\u00fcntee Gunpowder<\/a> als Energielieferant f\u00fcr den Tag. Mittags hilft Ihnen eine Tasse <a title=\"Sencha\" href=\"https:\/\/www.auresa.de\/sencha\" target=\"_blank\" rel=\"noopener noreferrer\">Sencha<\/a> konzentriert zu bleiben und am Abend k\u00f6nnen Sie mit einem Bancha trotzdem noch beruhigt schlafen.<\/p>\n<h3>Koffein und Ziehzeit<\/h3>\n<p>Ein <a title=\"Gr\u00fcner Tee\" href=\"https:\/\/www.auresa.de\/tee\/gruener-tee\/\" target=\"_blank\" rel=\"noopener noreferrer\">gr\u00fcner Tee<\/a> enth\u00e4lt ebenso wie Kaffee eine gewisse Menge Koffein. Je nach Sorte betr\u00e4gt der Koffeinanteil zwischen 20 und 90 mg und ist damit bis zu achtmal niedriger als bei Kaffee. Der Unterschied zum Kaffee ist allerdings, dass das Koffein im Tee langsamer wirkt und daf\u00fcr aber umso l\u00e4nger anh\u00e4lt. Der Grund daf\u00fcr sind die in gr\u00fcnen Tee enthaltenen Gerbstoffe. Diese binden das Koffein und geben es erst nach und nach frei. Dabei ist auch die Ziehzeit des Tees ganz entscheidend, wenn man einen stimulierenden Effekt w\u00fcnscht. Denn je l\u00e4nger der Tee zieht, desto mehr Gerbstoffe werden freigesetzt und der Gr\u00fcntee wird weniger anregend. Grob l\u00e4sst sich sagen, dass eine Ziehzeit von etwa zwei Minuten belebend wirkt.<\/p>\n<h2>Fazit<\/h2>\n<p>Bei der gro\u00dfen Auswahl an Gr\u00fcnteesorten ist f\u00fcr jeden Geschmack etwas dabei. Welche Mengen Sie dabei zu sich nehmen ist ganz Ihnen \u00fcberlassen. Es gibt durchaus Teeliebhaber die auch mehrere Liter gr\u00fcnen Tee am Tag trinken. Sie sollten am besten mit einer Tasse Gr\u00fcntee starten und sich langsam steigern. So bemerken Sie schnell ob Sie gr\u00fcnen Tee beziehungsweise das Koffein gut vertragen oder lieber zu einer anderen Teesorte wechseln sollten. Weitere Informationen zu <a title=\"Gr\u00fcner Tee Koffein\" href=\"https:\/\/www.auresa.de\/gruener-tee-koffein\/\" rel=\"\">gr\u00fcner Tee Koffein<\/a> finden Sie in unserem Shop.<\/p>\n<div class=\"shariff shariff-align-left shariff-widget-align-left\" data-services=\"facebook\" data-url=\"https:\/\/www.auresa.de\/blog\/wie-viel-gruener-tee-am-tag\/\" data-timestamp=\"1741026535\" data-backendurl=\"https:\/\/www.auresa.de\/blog\/wp-json\/shariff\/v1\/share_counts?\"><ul class=\"shariff-buttons theme-round orientation-horizontal buttonsize-medium\"><li class=\"shariff-button facebook shariff-nocustomcolor\" style=\"background-color:#4273c8\"><a href=\"https:\/\/www.facebook.com\/sharer\/sharer.php?u=https%3A%2F%2Fwww.auresa.de%2Fblog%2Fwie-viel-gruener-tee-am-tag%2F\" title=\"Bei Facebook teilen\" aria-label=\"Bei Facebook teilen\" role=\"button\" rel=\"nofollow\" class=\"shariff-link\" style=\"; background-color:#3b5998; color:#fff\" target=\"_blank\"><span class=\"shariff-icon\" style=\"\"><svg width=\"32px\" height=\"20px\" xmlns=\"http:\/\/www.w3.org\/2000\/svg\" viewBox=\"0 0 18 32\"><path fill=\"#3b5998\" d=\"M17.1 0.2v4.7h-2.8q-1.5 0-2.1 0.6t-0.5 1.9v3.4h5.2l-0.7 5.3h-4.5v13.6h-5.5v-13.6h-4.5v-5.3h4.5v-3.9q0-3.3 1.9-5.2t5-1.8q2.6 0 4.1 0.2z\"\/><\/svg><\/span><\/a><\/li><li class=\"shariff-button twitter shariff-nocustomcolor\" style=\"background-color:#595959\"><a href=\"https:\/\/twitter.com\/share?url=https%3A%2F%2Fwww.auresa.de%2Fblog%2Fwie-viel-gruener-tee-am-tag%2F&text=Wie%20viel%20gr%C3%BCner%20Tee%20am%20Tag%3F\" title=\"Bei X teilen\" aria-label=\"Bei X teilen\" role=\"button\" rel=\"noopener nofollow\" class=\"shariff-link\" style=\"; background-color:#000; color:#fff\" target=\"_blank\"><span class=\"shariff-icon\" style=\"\"><svg width=\"32px\" height=\"20px\" xmlns=\"http:\/\/www.w3.org\/2000\/svg\" viewBox=\"0 0 24 24\"><path fill=\"#000\" d=\"M14.258 10.152L23.176 0h-2.113l-7.747 8.813L7.133 0H0l9.352 13.328L0 23.973h2.113l8.176-9.309 6.531 9.309h7.133zm-2.895 3.293l-.949-1.328L2.875 1.56h3.246l6.086 8.523.945 1.328 7.91 11.078h-3.246zm0 0\"\/><\/svg><\/span><\/a><\/li><\/ul><\/div>","protected":false},"excerpt":{"rendered":"<p>Eine genaue Aussage zu dieser Frage zu treffen ist schwierig, da sehr viele verschiedene Sorten Gr\u00fcntee existieren. Ein entscheidender Faktor ist dabei immer der Koffeingehalt, den vor allem Menschen die empfindlich auf Koffein reagieren beachten sollten. Des Weiteren spielt die Zubereitung, allen voran die Ziehzeit eine ganz wichtige Rolle.<\/p>\n","protected":false},"author":6,"featured_media":574,"comment_status":"closed","ping_status":"open","sticky":false,"template":"","format":"standard","meta":{"footnotes":""},"categories":[17],"tags":[],"class_list":["post-573","post","type-post","status-publish","format-standard","has-post-thumbnail","hentry","category-beauty-gesundheit"],"yoast_head":"<!-- This site is optimized with the Yoast SEO plugin v27.5 - https:\/\/yoast.com\/product\/yoast-seo-wordpress\/ -->\n<title>Wie viel gr\u00fcnen Tee kann ich am Tag trinken? - AURESA Blog<\/title>\n<meta name=\"description\" content=\"Gr\u00fcner Tee ist lecker, macht wach und gilt dazu auch noch als richtig gesund. Doch ist bei gr\u00fcnem Tee wirklich der uneingeschr\u00e4nkte Genuss erlaubt?\" \/>\n<meta name=\"robots\" content=\"index, follow, max-snippet:-1, max-image-preview:large, max-video-preview:-1\" \/>\n<link rel=\"canonical\" href=\"https:\/\/www.auresa.de\/blog\/wie-viel-gruener-tee-am-tag\/\" \/>\n<meta property=\"og:locale\" content=\"de_DE\" \/>\n<meta property=\"og:type\" content=\"article\" \/>\n<meta property=\"og:title\" content=\"Wie viel gr\u00fcnen Tee kann ich am Tag trinken? - AURESA Blog\" \/>\n<meta property=\"og:description\" content=\"Gr\u00fcner Tee ist lecker, macht wach und gilt dazu auch noch als richtig gesund. Doch ist bei gr\u00fcnem Tee wirklich der uneingeschr\u00e4nkte Genuss erlaubt?\" \/>\n<meta property=\"og:url\" content=\"https:\/\/www.auresa.de\/blog\/wie-viel-gruener-tee-am-tag\/\" \/>\n<meta property=\"og:site_name\" content=\"AURESA Blog\" \/>\n<meta property=\"article:published_time\" content=\"2019-06-10T07:00:49+00:00\" \/>\n<meta property=\"article:modified_time\" content=\"2025-03-03T17:28:55+00:00\" \/>\n<meta property=\"og:image\" content=\"https:\/\/www.auresa.de\/blog\/wp-content\/uploads\/2019\/05\/wie-viel-gr\u00fcntee.jpg\" \/>\n\t<meta property=\"og:image:width\" content=\"960\" \/>\n\t<meta property=\"og:image:height\" content=\"720\" \/>\n\t<meta property=\"og:image:type\" content=\"image\/jpeg\" \/>\n<meta name=\"author\" content=\"Romina Richter\" \/>\n<meta name=\"twitter:card\" content=\"summary_large_image\" \/>\n<meta name=\"twitter:label1\" content=\"Verfasst von\" \/>\n\t<meta name=\"twitter:data1\" content=\"Romina Richter\" \/>\n\t<meta name=\"twitter:label2\" content=\"Gesch\u00e4tzte Lesezeit\" \/>\n\t<meta name=\"twitter:data2\" content=\"3\u00a0Minuten\" \/>\n<script type=\"application\/ld+json\" class=\"yoast-schema-graph\">{\"@context\":\"https:\\\/\\\/schema.org\",\"@graph\":[{\"@type\":\"Article\",\"@id\":\"https:\\\/\\\/www.auresa.de\\\/blog\\\/wie-viel-gruener-tee-am-tag\\\/#article\",\"isPartOf\":{\"@id\":\"https:\\\/\\\/www.auresa.de\\\/blog\\\/wie-viel-gruener-tee-am-tag\\\/\"},\"author\":{\"name\":\"Romina Richter\",\"@id\":\"https:\\\/\\\/www.auresa.de\\\/blog\\\/#\\\/schema\\\/person\\\/f6c4b3173125b9b2f9e59d4109e546dc\"},\"headline\":\"Wie viel gr\u00fcner Tee am Tag?\",\"datePublished\":\"2019-06-10T07:00:49+00:00\",\"dateModified\":\"2025-03-03T17:28:55+00:00\",\"mainEntityOfPage\":{\"@id\":\"https:\\\/\\\/www.auresa.de\\\/blog\\\/wie-viel-gruener-tee-am-tag\\\/\"},\"wordCount\":400,\"publisher\":{\"@id\":\"https:\\\/\\\/www.auresa.de\\\/blog\\\/#organization\"},\"image\":{\"@id\":\"https:\\\/\\\/www.auresa.de\\\/blog\\\/wie-viel-gruener-tee-am-tag\\\/#primaryimage\"},\"thumbnailUrl\":\"https:\\\/\\\/www.auresa.de\\\/blog\\\/wp-content\\\/uploads\\\/2019\\\/05\\\/wie-viel-gr\u00fcntee.jpg\",\"articleSection\":[\"Beauty &amp; Gesundheit\"],\"inLanguage\":\"de\"},{\"@type\":\"WebPage\",\"@id\":\"https:\\\/\\\/www.auresa.de\\\/blog\\\/wie-viel-gruener-tee-am-tag\\\/\",\"url\":\"https:\\\/\\\/www.auresa.de\\\/blog\\\/wie-viel-gruener-tee-am-tag\\\/\",\"name\":\"Wie viel gr\u00fcnen Tee kann ich am Tag trinken? - AURESA Blog\",\"isPartOf\":{\"@id\":\"https:\\\/\\\/www.auresa.de\\\/blog\\\/#website\"},\"primaryImageOfPage\":{\"@id\":\"https:\\\/\\\/www.auresa.de\\\/blog\\\/wie-viel-gruener-tee-am-tag\\\/#primaryimage\"},\"image\":{\"@id\":\"https:\\\/\\\/www.auresa.de\\\/blog\\\/wie-viel-gruener-tee-am-tag\\\/#primaryimage\"},\"thumbnailUrl\":\"https:\\\/\\\/www.auresa.de\\\/blog\\\/wp-content\\\/uploads\\\/2019\\\/05\\\/wie-viel-gr\u00fcntee.jpg\",\"datePublished\":\"2019-06-10T07:00:49+00:00\",\"dateModified\":\"2025-03-03T17:28:55+00:00\",\"description\":\"Gr\u00fcner Tee ist lecker, macht wach und gilt dazu auch noch als richtig gesund. Doch ist bei gr\u00fcnem Tee wirklich der uneingeschr\u00e4nkte Genuss erlaubt?\",\"breadcrumb\":{\"@id\":\"https:\\\/\\\/www.auresa.de\\\/blog\\\/wie-viel-gruener-tee-am-tag\\\/#breadcrumb\"},\"inLanguage\":\"de\",\"potentialAction\":[{\"@type\":\"ReadAction\",\"target\":[\"https:\\\/\\\/www.auresa.de\\\/blog\\\/wie-viel-gruener-tee-am-tag\\\/\"]}]},{\"@type\":\"ImageObject\",\"inLanguage\":\"de\",\"@id\":\"https:\\\/\\\/www.auresa.de\\\/blog\\\/wie-viel-gruener-tee-am-tag\\\/#primaryimage\",\"url\":\"https:\\\/\\\/www.auresa.de\\\/blog\\\/wp-content\\\/uploads\\\/2019\\\/05\\\/wie-viel-gr\u00fcntee.jpg\",\"contentUrl\":\"https:\\\/\\\/www.auresa.de\\\/blog\\\/wp-content\\\/uploads\\\/2019\\\/05\\\/wie-viel-gr\u00fcntee.jpg\",\"width\":960,\"height\":720,\"caption\":\"Glas mit Matcha Latte\"},{\"@type\":\"BreadcrumbList\",\"@id\":\"https:\\\/\\\/www.auresa.de\\\/blog\\\/wie-viel-gruener-tee-am-tag\\\/#breadcrumb\",\"itemListElement\":[{\"@type\":\"ListItem\",\"position\":1,\"name\":\"Startseite\",\"item\":\"https:\\\/\\\/www.auresa.de\\\/blog\\\/\"},{\"@type\":\"ListItem\",\"position\":2,\"name\":\"Wie viel gr\u00fcner Tee am Tag?\"}]},{\"@type\":\"WebSite\",\"@id\":\"https:\\\/\\\/www.auresa.de\\\/blog\\\/#website\",\"url\":\"https:\\\/\\\/www.auresa.de\\\/blog\\\/\",\"name\":\"AURESA Blog\",\"description\":\"\",\"publisher\":{\"@id\":\"https:\\\/\\\/www.auresa.de\\\/blog\\\/#organization\"},\"potentialAction\":[{\"@type\":\"SearchAction\",\"target\":{\"@type\":\"EntryPoint\",\"urlTemplate\":\"https:\\\/\\\/www.auresa.de\\\/blog\\\/?s={search_term_string}\"},\"query-input\":{\"@type\":\"PropertyValueSpecification\",\"valueRequired\":true,\"valueName\":\"search_term_string\"}}],\"inLanguage\":\"de\"},{\"@type\":\"Organization\",\"@id\":\"https:\\\/\\\/www.auresa.de\\\/blog\\\/#organization\",\"name\":\"AURESA\",\"url\":\"https:\\\/\\\/www.auresa.de\\\/blog\\\/\",\"logo\":{\"@type\":\"ImageObject\",\"inLanguage\":\"de\",\"@id\":\"https:\\\/\\\/www.auresa.de\\\/blog\\\/#\\\/schema\\\/logo\\\/image\\\/\",\"url\":\"https:\\\/\\\/www.auresa.de\\\/blog\\\/wp-content\\\/uploads\\\/2019\\\/08\\\/auresa-logo-copyright.jpg\",\"contentUrl\":\"https:\\\/\\\/www.auresa.de\\\/blog\\\/wp-content\\\/uploads\\\/2019\\\/08\\\/auresa-logo-copyright.jpg\",\"width\":2866,\"height\":856,\"caption\":\"AURESA\"},\"image\":{\"@id\":\"https:\\\/\\\/www.auresa.de\\\/blog\\\/#\\\/schema\\\/logo\\\/image\\\/\"}},{\"@type\":\"Person\",\"@id\":\"https:\\\/\\\/www.auresa.de\\\/blog\\\/#\\\/schema\\\/person\\\/f6c4b3173125b9b2f9e59d4109e546dc\",\"name\":\"Romina Richter\",\"image\":{\"@type\":\"ImageObject\",\"inLanguage\":\"de\",\"@id\":\"https:\\\/\\\/secure.gravatar.com\\\/avatar\\\/5a3a8a302a506497659e38b0d0f51906ad6ac1737e1796c082cfb2e775a82055?s=96&d=mm&r=g\",\"url\":\"https:\\\/\\\/secure.gravatar.com\\\/avatar\\\/5a3a8a302a506497659e38b0d0f51906ad6ac1737e1796c082cfb2e775a82055?s=96&d=mm&r=g\",\"contentUrl\":\"https:\\\/\\\/secure.gravatar.com\\\/avatar\\\/5a3a8a302a506497659e38b0d0f51906ad6ac1737e1796c082cfb2e775a82055?s=96&d=mm&r=g\",\"caption\":\"Romina Richter\"},\"url\":\"https:\\\/\\\/www.auresa.de\\\/blog\\\/author\\\/romina-richter\\\/\"}]}<\/script>\n<!-- \/ Yoast SEO plugin. -->","yoast_head_json":{"title":"Wie viel gr\u00fcnen Tee kann ich am Tag trinken? - AURESA Blog","description":"Gr\u00fcner Tee ist lecker, macht wach und gilt dazu auch noch als richtig gesund. Doch ist bei gr\u00fcnem Tee wirklich der uneingeschr\u00e4nkte Genuss erlaubt?","robots":{"index":"index","follow":"follow","max-snippet":"max-snippet:-1","max-image-preview":"max-image-preview:large","max-video-preview":"max-video-preview:-1"},"canonical":"https:\/\/www.auresa.de\/blog\/wie-viel-gruener-tee-am-tag\/","og_locale":"de_DE","og_type":"article","og_title":"Wie viel gr\u00fcnen Tee kann ich am Tag trinken? - AURESA Blog","og_description":"Gr\u00fcner Tee ist lecker, macht wach und gilt dazu auch noch als richtig gesund. Doch ist bei gr\u00fcnem Tee wirklich der uneingeschr\u00e4nkte Genuss erlaubt?","og_url":"https:\/\/www.auresa.de\/blog\/wie-viel-gruener-tee-am-tag\/","og_site_name":"AURESA Blog","article_published_time":"2019-06-10T07:00:49+00:00","article_modified_time":"2025-03-03T17:28:55+00:00","og_image":[{"width":960,"height":720,"url":"https:\/\/www.auresa.de\/blog\/wp-content\/uploads\/2019\/05\/wie-viel-gr\u00fcntee.jpg","type":"image\/jpeg"}],"author":"Romina Richter","twitter_card":"summary_large_image","twitter_misc":{"Verfasst von":"Romina Richter","Gesch\u00e4tzte Lesezeit":"3\u00a0Minuten"},"schema":{"@context":"https:\/\/schema.org","@graph":[{"@type":"Article","@id":"https:\/\/www.auresa.de\/blog\/wie-viel-gruener-tee-am-tag\/#article","isPartOf":{"@id":"https:\/\/www.auresa.de\/blog\/wie-viel-gruener-tee-am-tag\/"},"author":{"name":"Romina Richter","@id":"https:\/\/www.auresa.de\/blog\/#\/schema\/person\/f6c4b3173125b9b2f9e59d4109e546dc"},"headline":"Wie viel gr\u00fcner Tee am Tag?","datePublished":"2019-06-10T07:00:49+00:00","dateModified":"2025-03-03T17:28:55+00:00","mainEntityOfPage":{"@id":"https:\/\/www.auresa.de\/blog\/wie-viel-gruener-tee-am-tag\/"},"wordCount":400,"publisher":{"@id":"https:\/\/www.auresa.de\/blog\/#organization"},"image":{"@id":"https:\/\/www.auresa.de\/blog\/wie-viel-gruener-tee-am-tag\/#primaryimage"},"thumbnailUrl":"https:\/\/www.auresa.de\/blog\/wp-content\/uploads\/2019\/05\/wie-viel-gr\u00fcntee.jpg","articleSection":["Beauty &amp; Gesundheit"],"inLanguage":"de"},{"@type":"WebPage","@id":"https:\/\/www.auresa.de\/blog\/wie-viel-gruener-tee-am-tag\/","url":"https:\/\/www.auresa.de\/blog\/wie-viel-gruener-tee-am-tag\/","name":"Wie viel gr\u00fcnen Tee kann ich am Tag trinken? - AURESA Blog","isPartOf":{"@id":"https:\/\/www.auresa.de\/blog\/#website"},"primaryImageOfPage":{"@id":"https:\/\/www.auresa.de\/blog\/wie-viel-gruener-tee-am-tag\/#primaryimage"},"image":{"@id":"https:\/\/www.auresa.de\/blog\/wie-viel-gruener-tee-am-tag\/#primaryimage"},"thumbnailUrl":"https:\/\/www.auresa.de\/blog\/wp-content\/uploads\/2019\/05\/wie-viel-gr\u00fcntee.jpg","datePublished":"2019-06-10T07:00:49+00:00","dateModified":"2025-03-03T17:28:55+00:00","description":"Gr\u00fcner Tee ist lecker, macht wach und gilt dazu auch noch als richtig gesund. Doch ist bei gr\u00fcnem Tee wirklich der uneingeschr\u00e4nkte Genuss erlaubt?","breadcrumb":{"@id":"https:\/\/www.auresa.de\/blog\/wie-viel-gruener-tee-am-tag\/#breadcrumb"},"inLanguage":"de","potentialAction":[{"@type":"ReadAction","target":["https:\/\/www.auresa.de\/blog\/wie-viel-gruener-tee-am-tag\/"]}]},{"@type":"ImageObject","inLanguage":"de","@id":"https:\/\/www.auresa.de\/blog\/wie-viel-gruener-tee-am-tag\/#primaryimage","url":"https:\/\/www.auresa.de\/blog\/wp-content\/uploads\/2019\/05\/wie-viel-gr\u00fcntee.jpg","contentUrl":"https:\/\/www.auresa.de\/blog\/wp-content\/uploads\/2019\/05\/wie-viel-gr\u00fcntee.jpg","width":960,"height":720,"caption":"Glas mit Matcha Latte"},{"@type":"BreadcrumbList","@id":"https:\/\/www.auresa.de\/blog\/wie-viel-gruener-tee-am-tag\/#breadcrumb","itemListElement":[{"@type":"ListItem","position":1,"name":"Startseite","item":"https:\/\/www.auresa.de\/blog\/"},{"@type":"ListItem","position":2,"name":"Wie viel gr\u00fcner Tee am Tag?"}]},{"@type":"WebSite","@id":"https:\/\/www.auresa.de\/blog\/#website","url":"https:\/\/www.auresa.de\/blog\/","name":"AURESA Blog","description":"","publisher":{"@id":"https:\/\/www.auresa.de\/blog\/#organization"},"potentialAction":[{"@type":"SearchAction","target":{"@type":"EntryPoint","urlTemplate":"https:\/\/www.auresa.de\/blog\/?s={search_term_string}"},"query-input":{"@type":"PropertyValueSpecification","valueRequired":true,"valueName":"search_term_string"}}],"inLanguage":"de"},{"@type":"Organization","@id":"https:\/\/www.auresa.de\/blog\/#organization","name":"AURESA","url":"https:\/\/www.auresa.de\/blog\/","logo":{"@type":"ImageObject","inLanguage":"de","@id":"https:\/\/www.auresa.de\/blog\/#\/schema\/logo\/image\/","url":"https:\/\/www.auresa.de\/blog\/wp-content\/uploads\/2019\/08\/auresa-logo-copyright.jpg","contentUrl":"https:\/\/www.auresa.de\/blog\/wp-content\/uploads\/2019\/08\/auresa-logo-copyright.jpg","width":2866,"height":856,"caption":"AURESA"},"image":{"@id":"https:\/\/www.auresa.de\/blog\/#\/schema\/logo\/image\/"}},{"@type":"Person","@id":"https:\/\/www.auresa.de\/blog\/#\/schema\/person\/f6c4b3173125b9b2f9e59d4109e546dc","name":"Romina Richter","image":{"@type":"ImageObject","inLanguage":"de","@id":"https:\/\/secure.gravatar.com\/avatar\/5a3a8a302a506497659e38b0d0f51906ad6ac1737e1796c082cfb2e775a82055?s=96&d=mm&r=g","url":"https:\/\/secure.gravatar.com\/avatar\/5a3a8a302a506497659e38b0d0f51906ad6ac1737e1796c082cfb2e775a82055?s=96&d=mm&r=g","contentUrl":"https:\/\/secure.gravatar.com\/avatar\/5a3a8a302a506497659e38b0d0f51906ad6ac1737e1796c082cfb2e775a82055?s=96&d=mm&r=g","caption":"Romina Richter"},"url":"https:\/\/www.auresa.de\/blog\/author\/romina-richter\/"}]}},"_links":{"self":[{"href":"https:\/\/www.auresa.de\/blog\/wp-json\/wp\/v2\/posts\/573","targetHints":{"allow":["GET"]}}],"collection":[{"href":"https:\/\/www.auresa.de\/blog\/wp-json\/wp\/v2\/posts"}],"about":[{"href":"https:\/\/www.auresa.de\/blog\/wp-json\/wp\/v2\/types\/post"}],"author":[{"embeddable":true,"href":"https:\/\/www.auresa.de\/blog\/wp-json\/wp\/v2\/users\/6"}],"replies":[{"embeddable":true,"href":"https:\/\/www.auresa.de\/blog\/wp-json\/wp\/v2\/comments?post=573"}],"version-history":[{"count":10,"href":"https:\/\/www.auresa.de\/blog\/wp-json\/wp\/v2\/posts\/573\/revisions"}],"predecessor-version":[{"id":5478,"href":"https:\/\/www.auresa.de\/blog\/wp-json\/wp\/v2\/posts\/573\/revisions\/5478"}],"wp:featuredmedia":[{"embeddable":true,"href":"https:\/\/www.auresa.de\/blog\/wp-json\/wp\/v2\/media\/574"}],"wp:attachment":[{"href":"https:\/\/www.auresa.de\/blog\/wp-json\/wp\/v2\/media?parent=573"}],"wp:term":[{"taxonomy":"category","embeddable":true,"href":"https:\/\/www.auresa.de\/blog\/wp-json\/wp\/v2\/categories?post=573"},{"taxonomy":"post_tag","embeddable":true,"href":"https:\/\/www.auresa.de\/blog\/wp-json\/wp\/v2\/tags?post=573"}],"curies":[{"name":"wp","href":"https:\/\/api.w.org\/{rel}","templated":true}]}}