{"id":5627,"date":"2025-06-25T13:00:09","date_gmt":"2025-06-25T11:00:09","guid":{"rendered":"https:\/\/www.auresa.de\/blog\/?p=5627"},"modified":"2025-05-21T11:33:36","modified_gmt":"2025-05-21T09:33:36","slug":"klima-und-der-geschmack-von-tee","status":"publish","type":"post","link":"https:\/\/www.auresa.de\/blog\/klima-und-der-geschmack-von-tee\/","title":{"rendered":"Welchen Einfluss hat das Klima auf den Geschmack von Tee?"},"content":{"rendered":"<p>Alle (echten) Teesorten werden aus der gleichen Teepflanze hergestellt. Dennoch schmeckt beispielsweise Assam Tee komplett anders als Darjeeling Tee oder <a title=\"Ceylon Tee\" href=\"https:\/\/www.auresa.de\/ceylon-tee\/\" target=\"_blank\" rel=\"noopener\">Ceylon Tee<\/a>. Das liegt daran, dass der Geschmack des Tees durch die Umwelt bestimmt wird, in der die Teepflanze w\u00e4chst. Neben der Beschaffenheit des Bodens spielt hier auch das Klima eine gro\u00dfe Rolle. Aber welchen Einfluss hat das Klima denn genau auf Tee? Das erfahren Sie in diesem Beitrag.<!--more--><\/p>\n<h2><strong>Welche Rolle spielt die Temperatur?<\/strong><\/h2>\n<p>Die Temperaturen haben direkten Einfluss auf das Wachstum der Teepflanze. Bei k\u00fchleren Temperaturen w\u00e4chst die Teepflanze langsamer als bei warmen Temperaturen. Die Wachstumsgeschwindigkeit wirkt sich wiederum auf den Geschmack des Tees aus.<\/p>\n<p>Ein gutes Beispiel hierf\u00fcr sind <a title=\"Assam Tee\" href=\"https:\/\/www.auresa.de\/assam-tee\/\" target=\"_blank\" rel=\"noopener\">Assam Tee<\/a> und Darjeeling Tee. Beide Teesorten werden in Indien angebaut, aber in zwei unterschiedlichen Anbauregionen. In Assam herrscht ein subtropisches Klima mit Temperaturen von bis zu 30\u00b0C. Dementsprechend schnell w\u00e4chst dort auch die Teepflanze. Das sorgt daf\u00fcr, dass der Tee ein sehr kr\u00e4ftiges, malziges und w\u00fcrziges Aroma ausbildet, f\u00fcr das Assam Tee bekannt und beliebt ist.<\/p>\n<p><a title=\"Darjeeling Tee\" href=\"https:\/\/www.auresa.de\/darjeeling-tee\/\" target=\"_blank\" rel=\"noopener\">Darjeeling Tee<\/a> wird dagegen in einer H\u00f6henlage angebaut, wo deutlich k\u00fchlere Temperaturen herrschen. Die Teepflanzen wachsen dort daher nur langsam, was in dem f\u00fcr Darjeeling typischen fr\u00fchlingshaften und blumigen Geschmack resultiert.<\/p>\n<p>Aber Achtung, die Temperatur kann sich nat\u00fcrlich auch negativ auf den Geschmack auswirken. Ist das Klima zu hei\u00df, dann kann es passieren, dass der fertige Tee \u00fcber einen unangenehm bitteren Geschmack verf\u00fcgt.<\/p>\n<h2><strong>Welche Rolle spielt der Niederschlag?<\/strong><\/h2>\n<p>Die Niederschlagsmenge bestimmt unter anderem dar\u00fcber, welche und wie viele Inhaltsstoffe die Teepflanze in ihren Bl\u00e4ttern ausbildet. Wenig Niederschlag l\u00f6st bei der Teepflanze eine Stressreaktion aus, wodurch sie gr\u00f6\u00dfere Mengen von geschmacksgebenden Inhaltsstoffen bildet. Die sorgt dann f\u00fcr einen besonders kr\u00e4ftigen und reichhaltigen Geschmack.<\/p>\n<p>Wenn es ausreichend regnet, dann f\u00fchrt das dazu, dass die Teepflanze entspannt wachsen kann. Die Teepflanze erh\u00e4lt durch den Niederschlag jede Menge N\u00e4hrstoffe, was dann wiederum in einem frischen und facettenreichen Aroma resultiert. Zudem haben Tees aus niederschlagsreichen Regionen oftmals eine leicht s\u00fc\u00dfe Note.<\/p>\n<p>Wird die Teepflanze allerdings zu viel Niederschlag ausgesetzt, dann resultiert dies in einem sehr d\u00fcnnen und faden Geschmack. Zudem kann zu viel Regen die Ausbreitung von Krankheiten beg\u00fcnstigen.<\/p>\n<h2><strong>Welche Rolle spielt die H\u00f6henlage?<\/strong><\/h2>\n<p>Tee, der in gro\u00dfen H\u00f6henlagen angebaut wird, ist oftmals f\u00fcr seine besondere Qualit\u00e4t bekannt. Das liegt zum einen daran, dass die gro\u00dfen H\u00f6hen f\u00fcr Erntemaschinen nur schwer bis kaum zu erreichbar sind und die Tee-Ernte deshalb in Handarbeit stattfinden muss. Zudem bedeutet eine gro\u00dfe H\u00f6henlage auch niedrige Temperaturen und viel Niederschlag, der beispielsweise in Form von Nebel die Teepflanzen umh\u00fcllt.<\/p>\n<p>Wie bereits erw\u00e4hnt, sorgen k\u00fchlere Temperaturen und h\u00f6here Niederschlagsmengen daf\u00fcr, dass der Tee einen besonders feinen, facettenreichen, frischen und unter Umst\u00e4nden sogar s\u00fc\u00dfen Geschmack ausbildet. Das gilt nat\u00fcrlich nicht nur f\u00fcr Schwarztee aus Darjeeling, sondern auch f\u00fcr so manchen Gr\u00fcntee oder <a title=\"Oolong Tee\" href=\"https:\/\/www.auresa.de\/oolong-tee\/\" target=\"_blank\" rel=\"noopener\">Oolong Tee<\/a>.<\/p>\n<p>Sie m\u00f6chten Tee aus verschiedenen Klimazonen mit all seinen Facetten kennenlernen? Dann schauen Sie doch mal bei unseren <a title=\"Probiersets\" href=\"https:\/\/www.auresa.de\/probiersets\/\" target=\"_blank\" rel=\"noopener\">Probiersets<\/a> vorbei!<\/p>\n<div class=\"shariff shariff-align-left shariff-widget-align-left\" data-services=\"facebook\" data-url=\"https:\/\/www.auresa.de\/blog\/klima-und-der-geschmack-von-tee\/\" data-timestamp=\"1747827216\" data-backendurl=\"https:\/\/www.auresa.de\/blog\/wp-json\/shariff\/v1\/share_counts?\"><ul class=\"shariff-buttons theme-round orientation-horizontal buttonsize-medium\"><li class=\"shariff-button facebook shariff-nocustomcolor\" style=\"background-color:#4273c8\"><a href=\"https:\/\/www.facebook.com\/sharer\/sharer.php?u=https%3A%2F%2Fwww.auresa.de%2Fblog%2Fklima-und-der-geschmack-von-tee%2F\" title=\"Bei Facebook teilen\" aria-label=\"Bei Facebook teilen\" role=\"button\" rel=\"nofollow\" class=\"shariff-link\" style=\"; background-color:#3b5998; color:#fff\" target=\"_blank\"><span class=\"shariff-icon\" style=\"\"><svg width=\"32px\" height=\"20px\" xmlns=\"http:\/\/www.w3.org\/2000\/svg\" viewBox=\"0 0 18 32\"><path fill=\"#3b5998\" d=\"M17.1 0.2v4.7h-2.8q-1.5 0-2.1 0.6t-0.5 1.9v3.4h5.2l-0.7 5.3h-4.5v13.6h-5.5v-13.6h-4.5v-5.3h4.5v-3.9q0-3.3 1.9-5.2t5-1.8q2.6 0 4.1 0.2z\"\/><\/svg><\/span><\/a><\/li><li class=\"shariff-button twitter shariff-nocustomcolor\" style=\"background-color:#595959\"><a href=\"https:\/\/twitter.com\/share?url=https%3A%2F%2Fwww.auresa.de%2Fblog%2Fklima-und-der-geschmack-von-tee%2F&text=Welchen%20Einfluss%20hat%20das%20Klima%20auf%20den%20Geschmack%20von%20Tee%3F\" title=\"Bei X teilen\" aria-label=\"Bei X teilen\" role=\"button\" rel=\"noopener nofollow\" class=\"shariff-link\" style=\"; background-color:#000; color:#fff\" target=\"_blank\"><span class=\"shariff-icon\" style=\"\"><svg width=\"32px\" height=\"20px\" xmlns=\"http:\/\/www.w3.org\/2000\/svg\" viewBox=\"0 0 24 24\"><path fill=\"#000\" d=\"M14.258 10.152L23.176 0h-2.113l-7.747 8.813L7.133 0H0l9.352 13.328L0 23.973h2.113l8.176-9.309 6.531 9.309h7.133zm-2.895 3.293l-.949-1.328L2.875 1.56h3.246l6.086 8.523.945 1.328 7.91 11.078h-3.246zm0 0\"\/><\/svg><\/span><\/a><\/li><\/ul><\/div>","protected":false},"excerpt":{"rendered":"<p>Alle (echten) Teesorten werden aus der gleichen Teepflanze hergestellt. Dennoch schmeckt beispielsweise Assam Tee komplett anders als Darjeeling Tee oder Ceylon Tee. Das liegt daran, dass der Geschmack des Tees durch die Umwelt bestimmt wird, in der die Teepflanze w\u00e4chst. Neben der Beschaffenheit des Bodens spielt hier auch das Klima eine gro\u00dfe Rolle. Aber welchen [&hellip;]<\/p>\n","protected":false},"author":3,"featured_media":5631,"comment_status":"open","ping_status":"open","sticky":false,"template":"","format":"standard","meta":{"footnotes":""},"categories":[16,23,25],"tags":[],"class_list":["post-5627","post","type-post","status-publish","format-standard","has-post-thumbnail","hentry","category-anbaugebiete","category-qualitaet","category-teesorten"],"yoast_head":"<!-- This site is optimized with the Yoast SEO plugin v27.5 - https:\/\/yoast.com\/product\/yoast-seo-wordpress\/ -->\n<title>Welchen Einfluss hat das Klima auf den Geschmack von Tee? - AURESA Blog<\/title>\n<meta name=\"description\" content=\"Unterschiedliche Klimazonen bringen unterschiedliche Tees hervor. Aber wie genau beeinflusst das Klima denn den Geschmack von Tee?\" \/>\n<meta name=\"robots\" content=\"index, follow, max-snippet:-1, max-image-preview:large, max-video-preview:-1\" \/>\n<link rel=\"canonical\" href=\"https:\/\/www.auresa.de\/blog\/klima-und-der-geschmack-von-tee\/\" \/>\n<meta property=\"og:locale\" content=\"de_DE\" \/>\n<meta property=\"og:type\" content=\"article\" \/>\n<meta property=\"og:title\" content=\"Welchen Einfluss hat das Klima auf den Geschmack von Tee? - AURESA Blog\" \/>\n<meta property=\"og:description\" content=\"Unterschiedliche Klimazonen bringen unterschiedliche Tees hervor. Aber wie genau beeinflusst das Klima denn den Geschmack von Tee?\" \/>\n<meta property=\"og:url\" content=\"https:\/\/www.auresa.de\/blog\/klima-und-der-geschmack-von-tee\/\" \/>\n<meta property=\"og:site_name\" content=\"AURESA Blog\" \/>\n<meta property=\"article:published_time\" content=\"2025-06-25T11:00:09+00:00\" \/>\n<meta property=\"og:image\" content=\"https:\/\/www.auresa.de\/blog\/wp-content\/uploads\/2025\/06\/Welchen-Einfluss-hat-das-Klima-auf-den-Geschmack-von-Tee.jpg\" \/>\n\t<meta property=\"og:image:width\" content=\"960\" \/>\n\t<meta property=\"og:image:height\" content=\"640\" \/>\n\t<meta property=\"og:image:type\" content=\"image\/jpeg\" \/>\n<meta name=\"author\" content=\"Sarah Niederb\u00fchl\" \/>\n<meta name=\"twitter:card\" content=\"summary_large_image\" \/>\n<meta name=\"twitter:label1\" content=\"Verfasst von\" \/>\n\t<meta name=\"twitter:data1\" content=\"Sarah Niederb\u00fchl\" \/>\n\t<meta name=\"twitter:label2\" content=\"Gesch\u00e4tzte Lesezeit\" \/>\n\t<meta name=\"twitter:data2\" content=\"3\u00a0Minuten\" \/>\n<script type=\"application\/ld+json\" class=\"yoast-schema-graph\">{\"@context\":\"https:\\\/\\\/schema.org\",\"@graph\":[{\"@type\":\"Article\",\"@id\":\"https:\\\/\\\/www.auresa.de\\\/blog\\\/klima-und-der-geschmack-von-tee\\\/#article\",\"isPartOf\":{\"@id\":\"https:\\\/\\\/www.auresa.de\\\/blog\\\/klima-und-der-geschmack-von-tee\\\/\"},\"author\":{\"name\":\"Sarah Niederb\u00fchl\",\"@id\":\"https:\\\/\\\/www.auresa.de\\\/blog\\\/#\\\/schema\\\/person\\\/118ae9d927aea2db58d68aea714d9cf7\"},\"headline\":\"Welchen Einfluss hat das Klima auf den Geschmack von Tee?\",\"datePublished\":\"2025-06-25T11:00:09+00:00\",\"mainEntityOfPage\":{\"@id\":\"https:\\\/\\\/www.auresa.de\\\/blog\\\/klima-und-der-geschmack-von-tee\\\/\"},\"wordCount\":540,\"commentCount\":0,\"publisher\":{\"@id\":\"https:\\\/\\\/www.auresa.de\\\/blog\\\/#organization\"},\"image\":{\"@id\":\"https:\\\/\\\/www.auresa.de\\\/blog\\\/klima-und-der-geschmack-von-tee\\\/#primaryimage\"},\"thumbnailUrl\":\"https:\\\/\\\/www.auresa.de\\\/blog\\\/wp-content\\\/uploads\\\/2025\\\/06\\\/Welchen-Einfluss-hat-das-Klima-auf-den-Geschmack-von-Tee.jpg\",\"articleSection\":[\"Anbaugebiete\",\"Qualit\u00e4t\",\"Teesorten\"],\"inLanguage\":\"de\",\"potentialAction\":[{\"@type\":\"CommentAction\",\"name\":\"Comment\",\"target\":[\"https:\\\/\\\/www.auresa.de\\\/blog\\\/klima-und-der-geschmack-von-tee\\\/#respond\"]}]},{\"@type\":\"WebPage\",\"@id\":\"https:\\\/\\\/www.auresa.de\\\/blog\\\/klima-und-der-geschmack-von-tee\\\/\",\"url\":\"https:\\\/\\\/www.auresa.de\\\/blog\\\/klima-und-der-geschmack-von-tee\\\/\",\"name\":\"Welchen Einfluss hat das Klima auf den Geschmack von Tee? - AURESA Blog\",\"isPartOf\":{\"@id\":\"https:\\\/\\\/www.auresa.de\\\/blog\\\/#website\"},\"primaryImageOfPage\":{\"@id\":\"https:\\\/\\\/www.auresa.de\\\/blog\\\/klima-und-der-geschmack-von-tee\\\/#primaryimage\"},\"image\":{\"@id\":\"https:\\\/\\\/www.auresa.de\\\/blog\\\/klima-und-der-geschmack-von-tee\\\/#primaryimage\"},\"thumbnailUrl\":\"https:\\\/\\\/www.auresa.de\\\/blog\\\/wp-content\\\/uploads\\\/2025\\\/06\\\/Welchen-Einfluss-hat-das-Klima-auf-den-Geschmack-von-Tee.jpg\",\"datePublished\":\"2025-06-25T11:00:09+00:00\",\"description\":\"Unterschiedliche Klimazonen bringen unterschiedliche Tees hervor. Aber wie genau beeinflusst das Klima denn den Geschmack von Tee?\",\"breadcrumb\":{\"@id\":\"https:\\\/\\\/www.auresa.de\\\/blog\\\/klima-und-der-geschmack-von-tee\\\/#breadcrumb\"},\"inLanguage\":\"de\",\"potentialAction\":[{\"@type\":\"ReadAction\",\"target\":[\"https:\\\/\\\/www.auresa.de\\\/blog\\\/klima-und-der-geschmack-von-tee\\\/\"]}]},{\"@type\":\"ImageObject\",\"inLanguage\":\"de\",\"@id\":\"https:\\\/\\\/www.auresa.de\\\/blog\\\/klima-und-der-geschmack-von-tee\\\/#primaryimage\",\"url\":\"https:\\\/\\\/www.auresa.de\\\/blog\\\/wp-content\\\/uploads\\\/2025\\\/06\\\/Welchen-Einfluss-hat-das-Klima-auf-den-Geschmack-von-Tee.jpg\",\"contentUrl\":\"https:\\\/\\\/www.auresa.de\\\/blog\\\/wp-content\\\/uploads\\\/2025\\\/06\\\/Welchen-Einfluss-hat-das-Klima-auf-den-Geschmack-von-Tee.jpg\",\"width\":960,\"height\":640},{\"@type\":\"BreadcrumbList\",\"@id\":\"https:\\\/\\\/www.auresa.de\\\/blog\\\/klima-und-der-geschmack-von-tee\\\/#breadcrumb\",\"itemListElement\":[{\"@type\":\"ListItem\",\"position\":1,\"name\":\"Startseite\",\"item\":\"https:\\\/\\\/www.auresa.de\\\/blog\\\/\"},{\"@type\":\"ListItem\",\"position\":2,\"name\":\"Welchen Einfluss hat das Klima auf den Geschmack von Tee?\"}]},{\"@type\":\"WebSite\",\"@id\":\"https:\\\/\\\/www.auresa.de\\\/blog\\\/#website\",\"url\":\"https:\\\/\\\/www.auresa.de\\\/blog\\\/\",\"name\":\"AURESA Blog\",\"description\":\"\",\"publisher\":{\"@id\":\"https:\\\/\\\/www.auresa.de\\\/blog\\\/#organization\"},\"potentialAction\":[{\"@type\":\"SearchAction\",\"target\":{\"@type\":\"EntryPoint\",\"urlTemplate\":\"https:\\\/\\\/www.auresa.de\\\/blog\\\/?s={search_term_string}\"},\"query-input\":{\"@type\":\"PropertyValueSpecification\",\"valueRequired\":true,\"valueName\":\"search_term_string\"}}],\"inLanguage\":\"de\"},{\"@type\":\"Organization\",\"@id\":\"https:\\\/\\\/www.auresa.de\\\/blog\\\/#organization\",\"name\":\"AURESA\",\"url\":\"https:\\\/\\\/www.auresa.de\\\/blog\\\/\",\"logo\":{\"@type\":\"ImageObject\",\"inLanguage\":\"de\",\"@id\":\"https:\\\/\\\/www.auresa.de\\\/blog\\\/#\\\/schema\\\/logo\\\/image\\\/\",\"url\":\"https:\\\/\\\/www.auresa.de\\\/blog\\\/wp-content\\\/uploads\\\/2019\\\/08\\\/auresa-logo-copyright.jpg\",\"contentUrl\":\"https:\\\/\\\/www.auresa.de\\\/blog\\\/wp-content\\\/uploads\\\/2019\\\/08\\\/auresa-logo-copyright.jpg\",\"width\":2866,\"height\":856,\"caption\":\"AURESA\"},\"image\":{\"@id\":\"https:\\\/\\\/www.auresa.de\\\/blog\\\/#\\\/schema\\\/logo\\\/image\\\/\"}},{\"@type\":\"Person\",\"@id\":\"https:\\\/\\\/www.auresa.de\\\/blog\\\/#\\\/schema\\\/person\\\/118ae9d927aea2db58d68aea714d9cf7\",\"name\":\"Sarah Niederb\u00fchl\",\"image\":{\"@type\":\"ImageObject\",\"inLanguage\":\"de\",\"@id\":\"https:\\\/\\\/secure.gravatar.com\\\/avatar\\\/9318a589fd1e4be79a14d53d5af71f8a26acb40419eb26782565617103fac512?s=96&d=mm&r=g\",\"url\":\"https:\\\/\\\/secure.gravatar.com\\\/avatar\\\/9318a589fd1e4be79a14d53d5af71f8a26acb40419eb26782565617103fac512?s=96&d=mm&r=g\",\"contentUrl\":\"https:\\\/\\\/secure.gravatar.com\\\/avatar\\\/9318a589fd1e4be79a14d53d5af71f8a26acb40419eb26782565617103fac512?s=96&d=mm&r=g\",\"caption\":\"Sarah Niederb\u00fchl\"},\"url\":\"https:\\\/\\\/www.auresa.de\\\/blog\\\/author\\\/sarah-niederbuehl\\\/\"}]}<\/script>\n<!-- \/ Yoast SEO plugin. -->","yoast_head_json":{"title":"Welchen Einfluss hat das Klima auf den Geschmack von Tee? - AURESA Blog","description":"Unterschiedliche Klimazonen bringen unterschiedliche Tees hervor. Aber wie genau beeinflusst das Klima denn den Geschmack von Tee?","robots":{"index":"index","follow":"follow","max-snippet":"max-snippet:-1","max-image-preview":"max-image-preview:large","max-video-preview":"max-video-preview:-1"},"canonical":"https:\/\/www.auresa.de\/blog\/klima-und-der-geschmack-von-tee\/","og_locale":"de_DE","og_type":"article","og_title":"Welchen Einfluss hat das Klima auf den Geschmack von Tee? - AURESA Blog","og_description":"Unterschiedliche Klimazonen bringen unterschiedliche Tees hervor. Aber wie genau beeinflusst das Klima denn den Geschmack von Tee?","og_url":"https:\/\/www.auresa.de\/blog\/klima-und-der-geschmack-von-tee\/","og_site_name":"AURESA Blog","article_published_time":"2025-06-25T11:00:09+00:00","og_image":[{"width":960,"height":640,"url":"https:\/\/www.auresa.de\/blog\/wp-content\/uploads\/2025\/06\/Welchen-Einfluss-hat-das-Klima-auf-den-Geschmack-von-Tee.jpg","type":"image\/jpeg"}],"author":"Sarah Niederb\u00fchl","twitter_card":"summary_large_image","twitter_misc":{"Verfasst von":"Sarah Niederb\u00fchl","Gesch\u00e4tzte Lesezeit":"3\u00a0Minuten"},"schema":{"@context":"https:\/\/schema.org","@graph":[{"@type":"Article","@id":"https:\/\/www.auresa.de\/blog\/klima-und-der-geschmack-von-tee\/#article","isPartOf":{"@id":"https:\/\/www.auresa.de\/blog\/klima-und-der-geschmack-von-tee\/"},"author":{"name":"Sarah Niederb\u00fchl","@id":"https:\/\/www.auresa.de\/blog\/#\/schema\/person\/118ae9d927aea2db58d68aea714d9cf7"},"headline":"Welchen Einfluss hat das Klima auf den Geschmack von Tee?","datePublished":"2025-06-25T11:00:09+00:00","mainEntityOfPage":{"@id":"https:\/\/www.auresa.de\/blog\/klima-und-der-geschmack-von-tee\/"},"wordCount":540,"commentCount":0,"publisher":{"@id":"https:\/\/www.auresa.de\/blog\/#organization"},"image":{"@id":"https:\/\/www.auresa.de\/blog\/klima-und-der-geschmack-von-tee\/#primaryimage"},"thumbnailUrl":"https:\/\/www.auresa.de\/blog\/wp-content\/uploads\/2025\/06\/Welchen-Einfluss-hat-das-Klima-auf-den-Geschmack-von-Tee.jpg","articleSection":["Anbaugebiete","Qualit\u00e4t","Teesorten"],"inLanguage":"de","potentialAction":[{"@type":"CommentAction","name":"Comment","target":["https:\/\/www.auresa.de\/blog\/klima-und-der-geschmack-von-tee\/#respond"]}]},{"@type":"WebPage","@id":"https:\/\/www.auresa.de\/blog\/klima-und-der-geschmack-von-tee\/","url":"https:\/\/www.auresa.de\/blog\/klima-und-der-geschmack-von-tee\/","name":"Welchen Einfluss hat das Klima auf den Geschmack von Tee? - AURESA Blog","isPartOf":{"@id":"https:\/\/www.auresa.de\/blog\/#website"},"primaryImageOfPage":{"@id":"https:\/\/www.auresa.de\/blog\/klima-und-der-geschmack-von-tee\/#primaryimage"},"image":{"@id":"https:\/\/www.auresa.de\/blog\/klima-und-der-geschmack-von-tee\/#primaryimage"},"thumbnailUrl":"https:\/\/www.auresa.de\/blog\/wp-content\/uploads\/2025\/06\/Welchen-Einfluss-hat-das-Klima-auf-den-Geschmack-von-Tee.jpg","datePublished":"2025-06-25T11:00:09+00:00","description":"Unterschiedliche Klimazonen bringen unterschiedliche Tees hervor. Aber wie genau beeinflusst das Klima denn den Geschmack von Tee?","breadcrumb":{"@id":"https:\/\/www.auresa.de\/blog\/klima-und-der-geschmack-von-tee\/#breadcrumb"},"inLanguage":"de","potentialAction":[{"@type":"ReadAction","target":["https:\/\/www.auresa.de\/blog\/klima-und-der-geschmack-von-tee\/"]}]},{"@type":"ImageObject","inLanguage":"de","@id":"https:\/\/www.auresa.de\/blog\/klima-und-der-geschmack-von-tee\/#primaryimage","url":"https:\/\/www.auresa.de\/blog\/wp-content\/uploads\/2025\/06\/Welchen-Einfluss-hat-das-Klima-auf-den-Geschmack-von-Tee.jpg","contentUrl":"https:\/\/www.auresa.de\/blog\/wp-content\/uploads\/2025\/06\/Welchen-Einfluss-hat-das-Klima-auf-den-Geschmack-von-Tee.jpg","width":960,"height":640},{"@type":"BreadcrumbList","@id":"https:\/\/www.auresa.de\/blog\/klima-und-der-geschmack-von-tee\/#breadcrumb","itemListElement":[{"@type":"ListItem","position":1,"name":"Startseite","item":"https:\/\/www.auresa.de\/blog\/"},{"@type":"ListItem","position":2,"name":"Welchen Einfluss hat das Klima auf den Geschmack von Tee?"}]},{"@type":"WebSite","@id":"https:\/\/www.auresa.de\/blog\/#website","url":"https:\/\/www.auresa.de\/blog\/","name":"AURESA Blog","description":"","publisher":{"@id":"https:\/\/www.auresa.de\/blog\/#organization"},"potentialAction":[{"@type":"SearchAction","target":{"@type":"EntryPoint","urlTemplate":"https:\/\/www.auresa.de\/blog\/?s={search_term_string}"},"query-input":{"@type":"PropertyValueSpecification","valueRequired":true,"valueName":"search_term_string"}}],"inLanguage":"de"},{"@type":"Organization","@id":"https:\/\/www.auresa.de\/blog\/#organization","name":"AURESA","url":"https:\/\/www.auresa.de\/blog\/","logo":{"@type":"ImageObject","inLanguage":"de","@id":"https:\/\/www.auresa.de\/blog\/#\/schema\/logo\/image\/","url":"https:\/\/www.auresa.de\/blog\/wp-content\/uploads\/2019\/08\/auresa-logo-copyright.jpg","contentUrl":"https:\/\/www.auresa.de\/blog\/wp-content\/uploads\/2019\/08\/auresa-logo-copyright.jpg","width":2866,"height":856,"caption":"AURESA"},"image":{"@id":"https:\/\/www.auresa.de\/blog\/#\/schema\/logo\/image\/"}},{"@type":"Person","@id":"https:\/\/www.auresa.de\/blog\/#\/schema\/person\/118ae9d927aea2db58d68aea714d9cf7","name":"Sarah Niederb\u00fchl","image":{"@type":"ImageObject","inLanguage":"de","@id":"https:\/\/secure.gravatar.com\/avatar\/9318a589fd1e4be79a14d53d5af71f8a26acb40419eb26782565617103fac512?s=96&d=mm&r=g","url":"https:\/\/secure.gravatar.com\/avatar\/9318a589fd1e4be79a14d53d5af71f8a26acb40419eb26782565617103fac512?s=96&d=mm&r=g","contentUrl":"https:\/\/secure.gravatar.com\/avatar\/9318a589fd1e4be79a14d53d5af71f8a26acb40419eb26782565617103fac512?s=96&d=mm&r=g","caption":"Sarah Niederb\u00fchl"},"url":"https:\/\/www.auresa.de\/blog\/author\/sarah-niederbuehl\/"}]}},"_links":{"self":[{"href":"https:\/\/www.auresa.de\/blog\/wp-json\/wp\/v2\/posts\/5627","targetHints":{"allow":["GET"]}}],"collection":[{"href":"https:\/\/www.auresa.de\/blog\/wp-json\/wp\/v2\/posts"}],"about":[{"href":"https:\/\/www.auresa.de\/blog\/wp-json\/wp\/v2\/types\/post"}],"author":[{"embeddable":true,"href":"https:\/\/www.auresa.de\/blog\/wp-json\/wp\/v2\/users\/3"}],"replies":[{"embeddable":true,"href":"https:\/\/www.auresa.de\/blog\/wp-json\/wp\/v2\/comments?post=5627"}],"version-history":[{"count":3,"href":"https:\/\/www.auresa.de\/blog\/wp-json\/wp\/v2\/posts\/5627\/revisions"}],"predecessor-version":[{"id":5629,"href":"https:\/\/www.auresa.de\/blog\/wp-json\/wp\/v2\/posts\/5627\/revisions\/5629"}],"wp:featuredmedia":[{"embeddable":true,"href":"https:\/\/www.auresa.de\/blog\/wp-json\/wp\/v2\/media\/5631"}],"wp:attachment":[{"href":"https:\/\/www.auresa.de\/blog\/wp-json\/wp\/v2\/media?parent=5627"}],"wp:term":[{"taxonomy":"category","embeddable":true,"href":"https:\/\/www.auresa.de\/blog\/wp-json\/wp\/v2\/categories?post=5627"},{"taxonomy":"post_tag","embeddable":true,"href":"https:\/\/www.auresa.de\/blog\/wp-json\/wp\/v2\/tags?post=5627"}],"curies":[{"name":"wp","href":"https:\/\/api.w.org\/{rel}","templated":true}]}}