{"id":526,"date":"2019-05-31T09:00:57","date_gmt":"2019-05-31T07:00:57","guid":{"rendered":"https:\/\/www.auresa.de\/blog\/?p=526"},"modified":"2023-08-25T17:37:20","modified_gmt":"2023-08-25T15:37:20","slug":"wie-viel-tee-am-tag","status":"publish","type":"post","link":"https:\/\/www.auresa.de\/blog\/wie-viel-tee-am-tag\/","title":{"rendered":"Wie viel Tee am Tag?"},"content":{"rendered":"<p>Vor allem kleine Kinder und \u00e4ltere Menschen vernachl\u00e4ssigen sehr oft das Trinken. Das kann jedoch sehr schnell negative Folgen sowohl auf das Gehirn als auch auf die Organe haben. Aber warum ist das eigentlich so und kann man auch Tee anstatt Wasser trinken? Wie viel Tee darf man am Tag trinken?<!--more--><\/p>\n<h2>Deshalb ist es wichtig viel zu trinken<\/h2>\n<p>Der menschliche K\u00f6rper besteht zu etwa 70 Prozent aus Wasser, was einer Menge von ungef\u00e4hr 43 Litern entspricht. \u00dcber den Tag verteilt scheidet er zwischen zwei und drei Litern Fl\u00fcssigkeit wieder aus. Dieser Verlust muss nat\u00fcrlich wieder aufgef\u00fcllt werden, weshalb es der Spruch: \u201eTrinken ist wichtig\u201c sehr gut trifft. Insgesamt ben\u00f6tigt der K\u00f6rper dementsprechend rund 2,5 Liter Fl\u00fcssigkeit am Tag um den Verlust wieder auszugleichen. Man sagt jedoch, dass wir allein schon durch die Nahrungsaufnahme circa einen Liter zu uns nehmen. Dementsprechend sollte man \u00fcber den Tag verteilt etwa 1,5 Liter Wasser oder unges\u00fc\u00dften Tee trinken. Da der K\u00f6rper im Sommer durch das Schwitzen fast doppelt so viel Fl\u00fcssigkeit verliert als sonst, sollte man an hei\u00dfen Tagen mindestens zwei Liter trinken.<\/p>\n<p>Des Weiteren ben\u00f6tigt unser K\u00f6rper Wasser, damit das Blut richtig flie\u00dfen kann. Durch die Blutbahnen werden der Sauerstoff und die N\u00e4hrstoffe transportiert, die unseren Kreislauf stabil halten und die Konzentration f\u00f6rdern. Wenn man zu wenig getrunken hat l\u00e4sst die Gehirnleistung nach und es machen sich Kopfschmerzen und M\u00fcdigkeit breit.<\/p>\n<p>Doch nicht nur innerlich ben\u00f6tigen wir Fl\u00fcssigkeit, auch unsere Haut ist davon abh\u00e4ngig. Ist der Fl\u00fcssigkeitshaushalt nicht ausgeglichen, verliert die Haut ihre Elastizit\u00e4t. Wer ausreichend trinkt, verleiht seiner Haut also ein strafferes und sch\u00f6neres aussehen.<\/p>\n<h3>Es kommt auf die Teeart an<\/h3>\n<p>Wirklich bedenkenlos und uneingeschr\u00e4nkt kann man eigentlich nur <a title=\"Fr\u00fcchtetee\" href=\"https:\/\/www.auresa.de\/tee\/fruechtetee\/\" target=\"_blank\" rel=\"noopener noreferrer\">Fr\u00fcchtetee<\/a> trinken. Bei Schwarztee, Gr\u00fcntee und Kr\u00e4utertee sollte man es nicht \u00fcbertreiben und nur in Ma\u00dfen genie\u00dfen. Schlie\u00dflich enthalten gr\u00fcne und schwarze Tees Koffein und es w\u00fcrde wahrscheinlich auch niemand auf die Idee kommen, seinen Fl\u00fcssigkeitsbedarf ausschlie\u00dflich mit Kaffee zu decken. Die Auswirkungen des Koffeins in Tee sollten nicht untersch\u00e4tzt werden.<\/p>\n<h4>Gr\u00fcner Tee<\/h4>\n<p>F\u00fcr<a title=\"Gr\u00fcner Tee\" href=\"https:\/\/www.auresa.de\/gruener-tee\/\" target=\"_blank\" rel=\"noopener\"><img loading=\"lazy\" decoding=\"async\" class=\"wp-image-2023 alignleft\" src=\"https:\/\/www.auresa.de\/blog\/wp-content\/uploads\/2020\/01\/10092-90550-300x296.jpg\" alt=\"Loser Bancha Tee auf Japan\" width=\"150\" height=\"148\" srcset=\"https:\/\/www.auresa.de\/blog\/wp-content\/uploads\/2020\/01\/10092-90550-300x296.jpg 300w, https:\/\/www.auresa.de\/blog\/wp-content\/uploads\/2020\/01\/10092-90550-768x758.jpg 768w, https:\/\/www.auresa.de\/blog\/wp-content\/uploads\/2020\/01\/10092-90550.jpg 1000w\" sizes=\"auto, (max-width: 150px) 100vw, 150px\" \/><\/a> handels\u00fcbliche Sorten <a title=\"Gr\u00fcner Tee\" href=\"https:\/\/www.auresa.de\/tee\/gruener-tee\/\" target=\"_blank\" rel=\"noopener noreferrer\">Gr\u00fcntee<\/a> wird eine t\u00e4gliche Menge von ungef\u00e4hr einem Liter, was etwa drei Tassen \u00e1 0,3 Litern entspricht, als unbedenklich eingestuft. Dabei sollte man jedoch immer den Koffeingehalt des Tees ber\u00fccksichtigen und auf seinen K\u00f6rper h\u00f6ren. Jeder Mensch ist anders und sollte f\u00fcr sich selbst absch\u00e4tzen, wie viel von gr\u00fcnem Tee ihm gut tut und. Am Abend kann man auch beispielsweise auf unseren koffeinarmen Gr\u00fcntee <a title=\"Bancha\" href=\"https:\/\/www.auresa.de\/bancha\" target=\"_blank\" rel=\"noopener noreferrer\">Bancha<\/a> zur\u00fcckgreifen.<\/p>\n<p>&nbsp;<\/p>\n<h4>Schwarzer Tee<\/h4>\n<p><a title=\"Schwarzer Tee\" href=\"https:\/\/www.auresa.de\/schwarzer-tee\/\" target=\"_blank\" rel=\"noopener\"><img loading=\"lazy\" decoding=\"async\" class=\"alignright wp-image-1043\" src=\"https:\/\/www.auresa.de\/blog\/wp-content\/uploads\/2019\/09\/10060-90506-300x269.jpg\" alt=\"Ostfriesen Mischung\" width=\"150\" height=\"134\" srcset=\"https:\/\/www.auresa.de\/blog\/wp-content\/uploads\/2019\/09\/10060-90506-300x269.jpg 300w, https:\/\/www.auresa.de\/blog\/wp-content\/uploads\/2019\/09\/10060-90506-768x688.jpg 768w, https:\/\/www.auresa.de\/blog\/wp-content\/uploads\/2019\/09\/10060-90506.jpg 1000w\" sizes=\"auto, (max-width: 150px) 100vw, 150px\" \/><\/a><\/p>\n<p>Bei <a title=\"Schwarzer Tee\" href=\"https:\/\/www.auresa.de\/tee\/schwarzer-tee\/\" target=\"_blank\" rel=\"noopener noreferrer\">Schwarztee<\/a> kommt es immer auf die Vertr\u00e4glichkeit an. Der Anteil an Koffein ist mit 60 bis 70 mg pro Tasse deutlich geringer als bei Kaffee, wirkt sich im Gegensatz aber ganz anders aus. Das Teein wirkt im K\u00f6rper erst sp\u00e4ter, daf\u00fcr aber l\u00e4nger. Die europ\u00e4ische Beh\u00f6rde f\u00fcr Lebensmittelsicherheit hat eine Menge von etwa 400 mg Koffein am Tag als unbedenklich eingestuft. Danach k\u00f6nnte man also circa sechs bis sieben Tassen Schwarztee trinken, was rund einen Liter ergibt.<\/p>\n<h4>Kr\u00e4utertee<\/h4>\n<p><a title=\"Kr\u00e4utertee\" href=\"https:\/\/www.auresa.de\/kraeutertee\/\" target=\"_blank\" rel=\"noopener\"><img loading=\"lazy\" decoding=\"async\" class=\"wp-image-1664 alignleft\" src=\"https:\/\/www.auresa.de\/blog\/wp-content\/uploads\/2019\/08\/10239-95009-300x293.jpg\" alt=\"Loser Bio Kr\u00e4utertee F\u00fchl dich gut\" width=\"150\" height=\"147\" srcset=\"https:\/\/www.auresa.de\/blog\/wp-content\/uploads\/2019\/08\/10239-95009-300x293.jpg 300w, https:\/\/www.auresa.de\/blog\/wp-content\/uploads\/2019\/08\/10239-95009-768x750.jpg 768w, https:\/\/www.auresa.de\/blog\/wp-content\/uploads\/2019\/08\/10239-95009.jpg 1000w\" sizes=\"auto, (max-width: 150px) 100vw, 150px\" \/><\/a><\/p>\n<p>Bei <a title=\"Kr\u00e4utertee\" href=\"https:\/\/www.auresa.de\/tee\/kraeutertee\/\" target=\"_blank\" rel=\"noopener noreferrer\">Kr\u00e4utertee<\/a> wird dazu geraten immer wieder die Sorte zu wechseln umso Nebenwirkungen durch einen erh\u00f6hten Genuss zu umgehen. Vor allem bei Arzneitees sollte man sich an die Empfehlungen des Arztes beziehungsweise des Apothekers oder an die Angaben auf der Verpackung halten.<\/p>\n<h3>Schwangere sollten aufpassen<\/h3>\n<p>Zus\u00e4tzlich zur Teeart sollten auch bestimmte Personengruppen wie Schwangere ihren Teekonsum ganz genau kontrollieren. Denn zu viel Koffein schadet nicht nur der Frau selbst, sondern auch ihrem ungeborenen Kind. Daher wird Schwangeren empfohlen nicht mehr als zwei Tassen Kaffee am Tag zu trinken. F\u00fcr Gr\u00fcn- und Schwarztee gilt eine H\u00f6chstgrenze von circa drei Tassen, die nicht \u00fcberschritten werden sollte. Des Weiteren sollten Tees mit Himbeerbl\u00e4ttern, Zimt oder Nelken erst zum Ende einer Schwangerschaft getrunken werden, da sie m\u00f6glicherweise eine Wehenf\u00f6rdernde Wirkung besitzen.<\/p>\n<p>Doch auch w\u00e4hrend der <a title=\"Stilltee\" href=\"https:\/\/www.auresa.de\/stilltee\" target=\"_blank\" rel=\"noopener\"><img loading=\"lazy\" decoding=\"async\" class=\"wp-image-1677 alignright\" src=\"https:\/\/www.auresa.de\/blog\/wp-content\/uploads\/2019\/08\/10253-90519-292x300.jpg\" alt=\"Loser Kr\u00e4utertee Stilltee\" width=\"149\" height=\"153\" srcset=\"https:\/\/www.auresa.de\/blog\/wp-content\/uploads\/2019\/08\/10253-90519-292x300.jpg 292w, https:\/\/www.auresa.de\/blog\/wp-content\/uploads\/2019\/08\/10253-90519-768x789.jpg 768w, https:\/\/www.auresa.de\/blog\/wp-content\/uploads\/2019\/08\/10253-90519.jpg 974w\" sizes=\"auto, (max-width: 149px) 100vw, 149px\" \/><\/a>Stillzeit ist noch immer Vorsicht geboten. Sowohl Salbei als auch Pfefferminze k\u00f6nnen die Milchproduktion hemmen. Ein <a title=\"Stilltee\" href=\"https:\/\/www.auresa.de\/stilltee\" target=\"_blank\" rel=\"noopener noreferrer\">Fenchel-Anis-K\u00fcmmel Tee<\/a> hingegen wird empfohlen um eben diesen anzuregen.<\/p>\n<p>&nbsp;<\/p>\n<h2>Fazit<\/h2>\n<p>Viel hilft nicht immer viel \u2013 das gilt auch f\u00fcr den als sehr gesund geltenden Tee. Man sollte den Genuss von Tee, egal um welche Sorte es sich handelt, nicht \u00fcbertreiben. Und wenn man es genau nimmt, schmeckt der Tee doch auch am besten, wenn man ihn ganz bewusst und in aller Ruhe genie\u00dfen kann. Ein zu viel w\u00fcrde den Lieblingstee nach einer gewissen Zeit einfach uninteressant machen und die gute Tasse w\u00fcrde ihren Zauber verlieren.<\/p>\n<div class=\"shariff shariff-align-left shariff-widget-align-left\" data-services=\"facebook\" data-url=\"https:\/\/www.auresa.de\/blog\/wie-viel-tee-am-tag\/\" data-timestamp=\"1692985040\" data-backendurl=\"https:\/\/www.auresa.de\/blog\/wp-json\/shariff\/v1\/share_counts?\"><ul class=\"shariff-buttons theme-round orientation-horizontal buttonsize-medium\"><li class=\"shariff-button facebook shariff-nocustomcolor\" style=\"background-color:#4273c8\"><a href=\"https:\/\/www.facebook.com\/sharer\/sharer.php?u=https%3A%2F%2Fwww.auresa.de%2Fblog%2Fwie-viel-tee-am-tag%2F\" title=\"Bei Facebook teilen\" aria-label=\"Bei Facebook teilen\" role=\"button\" rel=\"nofollow\" class=\"shariff-link\" style=\"; background-color:#3b5998; color:#fff\" target=\"_blank\"><span class=\"shariff-icon\" style=\"\"><svg width=\"32px\" height=\"20px\" xmlns=\"http:\/\/www.w3.org\/2000\/svg\" viewBox=\"0 0 18 32\"><path fill=\"#3b5998\" d=\"M17.1 0.2v4.7h-2.8q-1.5 0-2.1 0.6t-0.5 1.9v3.4h5.2l-0.7 5.3h-4.5v13.6h-5.5v-13.6h-4.5v-5.3h4.5v-3.9q0-3.3 1.9-5.2t5-1.8q2.6 0 4.1 0.2z\"\/><\/svg><\/span><\/a><\/li><li class=\"shariff-button twitter shariff-nocustomcolor\" style=\"background-color:#595959\"><a href=\"https:\/\/twitter.com\/share?url=https%3A%2F%2Fwww.auresa.de%2Fblog%2Fwie-viel-tee-am-tag%2F&text=Wie%20viel%20Tee%20am%20Tag%3F\" title=\"Bei X teilen\" aria-label=\"Bei X teilen\" role=\"button\" rel=\"noopener nofollow\" class=\"shariff-link\" style=\"; background-color:#000; color:#fff\" target=\"_blank\"><span class=\"shariff-icon\" style=\"\"><svg width=\"32px\" height=\"20px\" xmlns=\"http:\/\/www.w3.org\/2000\/svg\" viewBox=\"0 0 24 24\"><path fill=\"#000\" d=\"M14.258 10.152L23.176 0h-2.113l-7.747 8.813L7.133 0H0l9.352 13.328L0 23.973h2.113l8.176-9.309 6.531 9.309h7.133zm-2.895 3.293l-.949-1.328L2.875 1.56h3.246l6.086 8.523.945 1.328 7.91 11.078h-3.246zm0 0\"\/><\/svg><\/span><\/a><\/li><\/ul><\/div>","protected":false},"excerpt":{"rendered":"<p>Vor allem kleine Kinder und \u00e4ltere Menschen vernachl\u00e4ssigen sehr oft das Trinken. Das kann jedoch sehr schnell negative Folgen sowohl auf das Gehirn als auch auf die Organe haben. Aber warum ist das eigentlich so und kann man auch Tee anstatt Wasser trinken? Wie viel Tee darf man am Tag trinken?<\/p>\n","protected":false},"author":6,"featured_media":527,"comment_status":"closed","ping_status":"open","sticky":false,"template":"","format":"standard","meta":{"footnotes":""},"categories":[17],"tags":[],"class_list":["post-526","post","type-post","status-publish","format-standard","has-post-thumbnail","hentry","category-beauty-gesundheit"],"yoast_head":"<!-- This site is optimized with the Yoast SEO plugin v27.5 - https:\/\/yoast.com\/product\/yoast-seo-wordpress\/ -->\n<title>Wie viel Tee darf man am Tag trinken? - AURESA Blog<\/title>\n<meta name=\"description\" content=\"Tee ist vielseitig, lecker und schmeckt sowohl Kindern als auch Erwachsenen. Doch wie viel Tee am Tag ist wirklich gesund? Das kl\u00e4rt dieser Beitrag.\" \/>\n<meta name=\"robots\" content=\"index, follow, max-snippet:-1, max-image-preview:large, max-video-preview:-1\" \/>\n<link rel=\"canonical\" href=\"https:\/\/www.auresa.de\/blog\/wie-viel-tee-am-tag\/\" \/>\n<meta property=\"og:locale\" content=\"de_DE\" \/>\n<meta property=\"og:type\" content=\"article\" \/>\n<meta property=\"og:title\" content=\"Wie viel Tee darf man am Tag trinken? - AURESA Blog\" \/>\n<meta property=\"og:description\" content=\"Tee ist vielseitig, lecker und schmeckt sowohl Kindern als auch Erwachsenen. Doch wie viel Tee am Tag ist wirklich gesund? Das kl\u00e4rt dieser Beitrag.\" \/>\n<meta property=\"og:url\" content=\"https:\/\/www.auresa.de\/blog\/wie-viel-tee-am-tag\/\" \/>\n<meta property=\"og:site_name\" content=\"AURESA Blog\" \/>\n<meta property=\"article:published_time\" content=\"2019-05-31T07:00:57+00:00\" \/>\n<meta property=\"article:modified_time\" content=\"2023-08-25T15:37:20+00:00\" \/>\n<meta property=\"og:image\" content=\"https:\/\/www.auresa.de\/blog\/wp-content\/uploads\/2019\/05\/Was-passiert-bei-\u00fcberzogener-Ziehzeit\" \/>\n\t<meta property=\"og:image:width\" content=\"960\" \/>\n\t<meta property=\"og:image:height\" content=\"720\" \/>\n\t<meta property=\"og:image:type\" content=\"image\/jpeg\" \/>\n<meta name=\"author\" content=\"Romina Richter\" \/>\n<meta name=\"twitter:card\" content=\"summary_large_image\" \/>\n<meta name=\"twitter:label1\" content=\"Verfasst von\" \/>\n\t<meta name=\"twitter:data1\" content=\"Romina Richter\" \/>\n\t<meta name=\"twitter:label2\" content=\"Gesch\u00e4tzte Lesezeit\" \/>\n\t<meta name=\"twitter:data2\" content=\"5\u00a0Minuten\" \/>\n<script type=\"application\/ld+json\" class=\"yoast-schema-graph\">{\"@context\":\"https:\\\/\\\/schema.org\",\"@graph\":[{\"@type\":\"Article\",\"@id\":\"https:\\\/\\\/www.auresa.de\\\/blog\\\/wie-viel-tee-am-tag\\\/#article\",\"isPartOf\":{\"@id\":\"https:\\\/\\\/www.auresa.de\\\/blog\\\/wie-viel-tee-am-tag\\\/\"},\"author\":{\"name\":\"Romina Richter\",\"@id\":\"https:\\\/\\\/www.auresa.de\\\/blog\\\/#\\\/schema\\\/person\\\/f6c4b3173125b9b2f9e59d4109e546dc\"},\"headline\":\"Wie viel Tee am Tag?\",\"datePublished\":\"2019-05-31T07:00:57+00:00\",\"dateModified\":\"2023-08-25T15:37:20+00:00\",\"mainEntityOfPage\":{\"@id\":\"https:\\\/\\\/www.auresa.de\\\/blog\\\/wie-viel-tee-am-tag\\\/\"},\"wordCount\":788,\"publisher\":{\"@id\":\"https:\\\/\\\/www.auresa.de\\\/blog\\\/#organization\"},\"image\":{\"@id\":\"https:\\\/\\\/www.auresa.de\\\/blog\\\/wie-viel-tee-am-tag\\\/#primaryimage\"},\"thumbnailUrl\":\"https:\\\/\\\/www.auresa.de\\\/blog\\\/wp-content\\\/uploads\\\/2019\\\/05\\\/Was-passiert-bei-\u00fcberzogener-Ziehzeit\",\"articleSection\":[\"Beauty &amp; Gesundheit\"],\"inLanguage\":\"de\"},{\"@type\":\"WebPage\",\"@id\":\"https:\\\/\\\/www.auresa.de\\\/blog\\\/wie-viel-tee-am-tag\\\/\",\"url\":\"https:\\\/\\\/www.auresa.de\\\/blog\\\/wie-viel-tee-am-tag\\\/\",\"name\":\"Wie viel Tee darf man am Tag trinken? - AURESA Blog\",\"isPartOf\":{\"@id\":\"https:\\\/\\\/www.auresa.de\\\/blog\\\/#website\"},\"primaryImageOfPage\":{\"@id\":\"https:\\\/\\\/www.auresa.de\\\/blog\\\/wie-viel-tee-am-tag\\\/#primaryimage\"},\"image\":{\"@id\":\"https:\\\/\\\/www.auresa.de\\\/blog\\\/wie-viel-tee-am-tag\\\/#primaryimage\"},\"thumbnailUrl\":\"https:\\\/\\\/www.auresa.de\\\/blog\\\/wp-content\\\/uploads\\\/2019\\\/05\\\/Was-passiert-bei-\u00fcberzogener-Ziehzeit\",\"datePublished\":\"2019-05-31T07:00:57+00:00\",\"dateModified\":\"2023-08-25T15:37:20+00:00\",\"description\":\"Tee ist vielseitig, lecker und schmeckt sowohl Kindern als auch Erwachsenen. Doch wie viel Tee am Tag ist wirklich gesund? Das kl\u00e4rt dieser Beitrag.\",\"breadcrumb\":{\"@id\":\"https:\\\/\\\/www.auresa.de\\\/blog\\\/wie-viel-tee-am-tag\\\/#breadcrumb\"},\"inLanguage\":\"de\",\"potentialAction\":[{\"@type\":\"ReadAction\",\"target\":[\"https:\\\/\\\/www.auresa.de\\\/blog\\\/wie-viel-tee-am-tag\\\/\"]}]},{\"@type\":\"ImageObject\",\"inLanguage\":\"de\",\"@id\":\"https:\\\/\\\/www.auresa.de\\\/blog\\\/wie-viel-tee-am-tag\\\/#primaryimage\",\"url\":\"https:\\\/\\\/www.auresa.de\\\/blog\\\/wp-content\\\/uploads\\\/2019\\\/05\\\/Was-passiert-bei-\u00fcberzogener-Ziehzeit\",\"contentUrl\":\"https:\\\/\\\/www.auresa.de\\\/blog\\\/wp-content\\\/uploads\\\/2019\\\/05\\\/Was-passiert-bei-\u00fcberzogener-Ziehzeit\",\"width\":960,\"height\":720,\"caption\":\"Schwarzer Tee wird aus Teekanne in Teeglas gegossen\"},{\"@type\":\"BreadcrumbList\",\"@id\":\"https:\\\/\\\/www.auresa.de\\\/blog\\\/wie-viel-tee-am-tag\\\/#breadcrumb\",\"itemListElement\":[{\"@type\":\"ListItem\",\"position\":1,\"name\":\"Startseite\",\"item\":\"https:\\\/\\\/www.auresa.de\\\/blog\\\/\"},{\"@type\":\"ListItem\",\"position\":2,\"name\":\"Wie viel Tee am Tag?\"}]},{\"@type\":\"WebSite\",\"@id\":\"https:\\\/\\\/www.auresa.de\\\/blog\\\/#website\",\"url\":\"https:\\\/\\\/www.auresa.de\\\/blog\\\/\",\"name\":\"AURESA Blog\",\"description\":\"\",\"publisher\":{\"@id\":\"https:\\\/\\\/www.auresa.de\\\/blog\\\/#organization\"},\"potentialAction\":[{\"@type\":\"SearchAction\",\"target\":{\"@type\":\"EntryPoint\",\"urlTemplate\":\"https:\\\/\\\/www.auresa.de\\\/blog\\\/?s={search_term_string}\"},\"query-input\":{\"@type\":\"PropertyValueSpecification\",\"valueRequired\":true,\"valueName\":\"search_term_string\"}}],\"inLanguage\":\"de\"},{\"@type\":\"Organization\",\"@id\":\"https:\\\/\\\/www.auresa.de\\\/blog\\\/#organization\",\"name\":\"AURESA\",\"url\":\"https:\\\/\\\/www.auresa.de\\\/blog\\\/\",\"logo\":{\"@type\":\"ImageObject\",\"inLanguage\":\"de\",\"@id\":\"https:\\\/\\\/www.auresa.de\\\/blog\\\/#\\\/schema\\\/logo\\\/image\\\/\",\"url\":\"https:\\\/\\\/www.auresa.de\\\/blog\\\/wp-content\\\/uploads\\\/2019\\\/08\\\/auresa-logo-copyright.jpg\",\"contentUrl\":\"https:\\\/\\\/www.auresa.de\\\/blog\\\/wp-content\\\/uploads\\\/2019\\\/08\\\/auresa-logo-copyright.jpg\",\"width\":2866,\"height\":856,\"caption\":\"AURESA\"},\"image\":{\"@id\":\"https:\\\/\\\/www.auresa.de\\\/blog\\\/#\\\/schema\\\/logo\\\/image\\\/\"}},{\"@type\":\"Person\",\"@id\":\"https:\\\/\\\/www.auresa.de\\\/blog\\\/#\\\/schema\\\/person\\\/f6c4b3173125b9b2f9e59d4109e546dc\",\"name\":\"Romina Richter\",\"image\":{\"@type\":\"ImageObject\",\"inLanguage\":\"de\",\"@id\":\"https:\\\/\\\/secure.gravatar.com\\\/avatar\\\/5a3a8a302a506497659e38b0d0f51906ad6ac1737e1796c082cfb2e775a82055?s=96&d=mm&r=g\",\"url\":\"https:\\\/\\\/secure.gravatar.com\\\/avatar\\\/5a3a8a302a506497659e38b0d0f51906ad6ac1737e1796c082cfb2e775a82055?s=96&d=mm&r=g\",\"contentUrl\":\"https:\\\/\\\/secure.gravatar.com\\\/avatar\\\/5a3a8a302a506497659e38b0d0f51906ad6ac1737e1796c082cfb2e775a82055?s=96&d=mm&r=g\",\"caption\":\"Romina Richter\"},\"url\":\"https:\\\/\\\/www.auresa.de\\\/blog\\\/author\\\/romina-richter\\\/\"}]}<\/script>\n<!-- \/ Yoast SEO plugin. -->","yoast_head_json":{"title":"Wie viel Tee darf man am Tag trinken? - AURESA Blog","description":"Tee ist vielseitig, lecker und schmeckt sowohl Kindern als auch Erwachsenen. Doch wie viel Tee am Tag ist wirklich gesund? Das kl\u00e4rt dieser Beitrag.","robots":{"index":"index","follow":"follow","max-snippet":"max-snippet:-1","max-image-preview":"max-image-preview:large","max-video-preview":"max-video-preview:-1"},"canonical":"https:\/\/www.auresa.de\/blog\/wie-viel-tee-am-tag\/","og_locale":"de_DE","og_type":"article","og_title":"Wie viel Tee darf man am Tag trinken? - AURESA Blog","og_description":"Tee ist vielseitig, lecker und schmeckt sowohl Kindern als auch Erwachsenen. Doch wie viel Tee am Tag ist wirklich gesund? Das kl\u00e4rt dieser Beitrag.","og_url":"https:\/\/www.auresa.de\/blog\/wie-viel-tee-am-tag\/","og_site_name":"AURESA Blog","article_published_time":"2019-05-31T07:00:57+00:00","article_modified_time":"2023-08-25T15:37:20+00:00","og_image":[{"width":960,"height":720,"url":"https:\/\/www.auresa.de\/blog\/wp-content\/uploads\/2019\/05\/Was-passiert-bei-\u00fcberzogener-Ziehzeit","type":"image\/jpeg"}],"author":"Romina Richter","twitter_card":"summary_large_image","twitter_misc":{"Verfasst von":"Romina Richter","Gesch\u00e4tzte Lesezeit":"5\u00a0Minuten"},"schema":{"@context":"https:\/\/schema.org","@graph":[{"@type":"Article","@id":"https:\/\/www.auresa.de\/blog\/wie-viel-tee-am-tag\/#article","isPartOf":{"@id":"https:\/\/www.auresa.de\/blog\/wie-viel-tee-am-tag\/"},"author":{"name":"Romina Richter","@id":"https:\/\/www.auresa.de\/blog\/#\/schema\/person\/f6c4b3173125b9b2f9e59d4109e546dc"},"headline":"Wie viel Tee am Tag?","datePublished":"2019-05-31T07:00:57+00:00","dateModified":"2023-08-25T15:37:20+00:00","mainEntityOfPage":{"@id":"https:\/\/www.auresa.de\/blog\/wie-viel-tee-am-tag\/"},"wordCount":788,"publisher":{"@id":"https:\/\/www.auresa.de\/blog\/#organization"},"image":{"@id":"https:\/\/www.auresa.de\/blog\/wie-viel-tee-am-tag\/#primaryimage"},"thumbnailUrl":"https:\/\/www.auresa.de\/blog\/wp-content\/uploads\/2019\/05\/Was-passiert-bei-\u00fcberzogener-Ziehzeit","articleSection":["Beauty &amp; Gesundheit"],"inLanguage":"de"},{"@type":"WebPage","@id":"https:\/\/www.auresa.de\/blog\/wie-viel-tee-am-tag\/","url":"https:\/\/www.auresa.de\/blog\/wie-viel-tee-am-tag\/","name":"Wie viel Tee darf man am Tag trinken? - AURESA Blog","isPartOf":{"@id":"https:\/\/www.auresa.de\/blog\/#website"},"primaryImageOfPage":{"@id":"https:\/\/www.auresa.de\/blog\/wie-viel-tee-am-tag\/#primaryimage"},"image":{"@id":"https:\/\/www.auresa.de\/blog\/wie-viel-tee-am-tag\/#primaryimage"},"thumbnailUrl":"https:\/\/www.auresa.de\/blog\/wp-content\/uploads\/2019\/05\/Was-passiert-bei-\u00fcberzogener-Ziehzeit","datePublished":"2019-05-31T07:00:57+00:00","dateModified":"2023-08-25T15:37:20+00:00","description":"Tee ist vielseitig, lecker und schmeckt sowohl Kindern als auch Erwachsenen. Doch wie viel Tee am Tag ist wirklich gesund? Das kl\u00e4rt dieser Beitrag.","breadcrumb":{"@id":"https:\/\/www.auresa.de\/blog\/wie-viel-tee-am-tag\/#breadcrumb"},"inLanguage":"de","potentialAction":[{"@type":"ReadAction","target":["https:\/\/www.auresa.de\/blog\/wie-viel-tee-am-tag\/"]}]},{"@type":"ImageObject","inLanguage":"de","@id":"https:\/\/www.auresa.de\/blog\/wie-viel-tee-am-tag\/#primaryimage","url":"https:\/\/www.auresa.de\/blog\/wp-content\/uploads\/2019\/05\/Was-passiert-bei-\u00fcberzogener-Ziehzeit","contentUrl":"https:\/\/www.auresa.de\/blog\/wp-content\/uploads\/2019\/05\/Was-passiert-bei-\u00fcberzogener-Ziehzeit","width":960,"height":720,"caption":"Schwarzer Tee wird aus Teekanne in Teeglas gegossen"},{"@type":"BreadcrumbList","@id":"https:\/\/www.auresa.de\/blog\/wie-viel-tee-am-tag\/#breadcrumb","itemListElement":[{"@type":"ListItem","position":1,"name":"Startseite","item":"https:\/\/www.auresa.de\/blog\/"},{"@type":"ListItem","position":2,"name":"Wie viel Tee am Tag?"}]},{"@type":"WebSite","@id":"https:\/\/www.auresa.de\/blog\/#website","url":"https:\/\/www.auresa.de\/blog\/","name":"AURESA Blog","description":"","publisher":{"@id":"https:\/\/www.auresa.de\/blog\/#organization"},"potentialAction":[{"@type":"SearchAction","target":{"@type":"EntryPoint","urlTemplate":"https:\/\/www.auresa.de\/blog\/?s={search_term_string}"},"query-input":{"@type":"PropertyValueSpecification","valueRequired":true,"valueName":"search_term_string"}}],"inLanguage":"de"},{"@type":"Organization","@id":"https:\/\/www.auresa.de\/blog\/#organization","name":"AURESA","url":"https:\/\/www.auresa.de\/blog\/","logo":{"@type":"ImageObject","inLanguage":"de","@id":"https:\/\/www.auresa.de\/blog\/#\/schema\/logo\/image\/","url":"https:\/\/www.auresa.de\/blog\/wp-content\/uploads\/2019\/08\/auresa-logo-copyright.jpg","contentUrl":"https:\/\/www.auresa.de\/blog\/wp-content\/uploads\/2019\/08\/auresa-logo-copyright.jpg","width":2866,"height":856,"caption":"AURESA"},"image":{"@id":"https:\/\/www.auresa.de\/blog\/#\/schema\/logo\/image\/"}},{"@type":"Person","@id":"https:\/\/www.auresa.de\/blog\/#\/schema\/person\/f6c4b3173125b9b2f9e59d4109e546dc","name":"Romina Richter","image":{"@type":"ImageObject","inLanguage":"de","@id":"https:\/\/secure.gravatar.com\/avatar\/5a3a8a302a506497659e38b0d0f51906ad6ac1737e1796c082cfb2e775a82055?s=96&d=mm&r=g","url":"https:\/\/secure.gravatar.com\/avatar\/5a3a8a302a506497659e38b0d0f51906ad6ac1737e1796c082cfb2e775a82055?s=96&d=mm&r=g","contentUrl":"https:\/\/secure.gravatar.com\/avatar\/5a3a8a302a506497659e38b0d0f51906ad6ac1737e1796c082cfb2e775a82055?s=96&d=mm&r=g","caption":"Romina Richter"},"url":"https:\/\/www.auresa.de\/blog\/author\/romina-richter\/"}]}},"_links":{"self":[{"href":"https:\/\/www.auresa.de\/blog\/wp-json\/wp\/v2\/posts\/526","targetHints":{"allow":["GET"]}}],"collection":[{"href":"https:\/\/www.auresa.de\/blog\/wp-json\/wp\/v2\/posts"}],"about":[{"href":"https:\/\/www.auresa.de\/blog\/wp-json\/wp\/v2\/types\/post"}],"author":[{"embeddable":true,"href":"https:\/\/www.auresa.de\/blog\/wp-json\/wp\/v2\/users\/6"}],"replies":[{"embeddable":true,"href":"https:\/\/www.auresa.de\/blog\/wp-json\/wp\/v2\/comments?post=526"}],"version-history":[{"count":22,"href":"https:\/\/www.auresa.de\/blog\/wp-json\/wp\/v2\/posts\/526\/revisions"}],"predecessor-version":[{"id":4373,"href":"https:\/\/www.auresa.de\/blog\/wp-json\/wp\/v2\/posts\/526\/revisions\/4373"}],"wp:featuredmedia":[{"embeddable":true,"href":"https:\/\/www.auresa.de\/blog\/wp-json\/wp\/v2\/media\/527"}],"wp:attachment":[{"href":"https:\/\/www.auresa.de\/blog\/wp-json\/wp\/v2\/media?parent=526"}],"wp:term":[{"taxonomy":"category","embeddable":true,"href":"https:\/\/www.auresa.de\/blog\/wp-json\/wp\/v2\/categories?post=526"},{"taxonomy":"post_tag","embeddable":true,"href":"https:\/\/www.auresa.de\/blog\/wp-json\/wp\/v2\/tags?post=526"}],"curies":[{"name":"wp","href":"https:\/\/api.w.org\/{rel}","templated":true}]}}