{"id":3721,"date":"2024-02-12T13:00:30","date_gmt":"2024-02-12T12:00:30","guid":{"rendered":"https:\/\/www.auresa.de\/blog\/?p=3721"},"modified":"2023-09-19T12:08:46","modified_gmt":"2023-09-19T10:08:46","slug":"schwarzer-tee-am-morgen","status":"publish","type":"post","link":"https:\/\/www.auresa.de\/blog\/schwarzer-tee-am-morgen\/","title":{"rendered":"Schwarzer Tee am Morgen \u2013 darum ist er ideal"},"content":{"rendered":"<p>Um morgens aus dem Bett und in die G\u00e4nge zu kommen, brauchen viele erstmal eine gro\u00dfe Tasse Kaffee. Das darin enthaltene Koffein gibt uns den Energie-Boost, den wir ben\u00f6tigen, um uns wach und bereit f\u00fcr den Tag zu f\u00fchlen. Aber wussten Sie schon, dass <a title=\"Schwarzer Tee\" href=\"https:\/\/www.auresa.de\/schwarzer-tee\/\" target=\"_blank\" rel=\"noopener\">schwarzer Tee<\/a> am Morgen einen ebenso guten Wachmacher abgibt? Warum da so ist und welche Sorten sich besonders gut f\u00fcr die fr\u00fchen Morgenstunden eignen, erfahren Sie in diesem Beitrag.<!--more--><\/p>\n<h2><strong>Das Zauberwort hei\u00dft Koffein<\/strong><\/h2>\n<p>Kaffee ist nicht das einzige koffeinhaltige Getr\u00e4nk. Neben dem Kaffeestrauch gibt es noch weitere Pflanzen, die ebenfalls Koffein als Schutz vor Fressfeinden auspr\u00e4gen. Dazu z\u00e4hlen der Mate-Strauch und eben die Teepflanzen Camellia Sinensis und Camellia Assamica. Wie der Name wahrscheinlich schon vermuten l\u00e4sst, dient die Teepflanze als Grundlage f\u00fcr verschiedene <a title=\"Tee Sorten\" href=\"https:\/\/www.auresa.de\/tee-sorten\/\" target=\"_blank\" rel=\"noopener\">Tee Sorten<\/a>. <a title=\"Gr\u00fcner Tee\" href=\"https:\/\/www.auresa.de\/gruener-tee\/\" target=\"_blank\" rel=\"noopener\">Gr\u00fcner Tee<\/a>, wei\u00dfer Tee, <a title=\"Oolong Tee\" href=\"https:\/\/www.auresa.de\/oolong-tee\/\" target=\"_blank\" rel=\"noopener\">Oolong Tee<\/a> und nat\u00fcrlich auch <a title=\"Schwarzer Tee\" href=\"https:\/\/www.auresa.de\/schwarzer-tee\/\" target=\"_blank\" rel=\"noopener\">schwarzer Tee<\/a> werden alle aus den Bl\u00e4ttern dieser Pflanze hergestellt.<\/p>\n<p>Folglich geh\u00f6rt auch Schwarztee zu den Getr\u00e4nken, die Koffein enthalten. In einer Tasse Schwarztee kann je nach Sorte zwischen 40 Milligramm und 70 Milligramm Koffein stecken. Das ist zwar etwas weniger als bei Kaffee, reicht aber dennoch vollkommen aus, um uns morgens in Schwung zu bringen.<\/p>\n<p>Dabei sollte man allerdings beachten, dass das Koffein in Schwarztee etwas anders wirkt als bei Kaffee. Kaffee sorgt f\u00fcr einen schnellen und starken Energie-Kick. Allerdings klingt das Koffein auch verh\u00e4ltnism\u00e4\u00dfig schnell wieder ab und danach erfolgt oftmals der sogenannte \u201eKoffein-Crash\u201c \u2013 wir sind pl\u00f6tzlich noch m\u00fcder als vor der Tasse Kaffee. <a title=\"Schwarzer Tee\" href=\"https:\/\/www.auresa.de\/schwarzer-tee\/\" target=\"_blank\" rel=\"noopener\">Schwarzer Tee<\/a> am Morgen macht dagegen langsamer wach, daf\u00fcr wirkt das Koffein aber auch l\u00e4nger. Zudem schleicht die Wirkung des Koffeins hier eher aus, weshalb der Crash hier oftmals ausbleibt.<\/p>\n<h3><strong>Warum wirkt schwarzer Tee am Morgen anders als Kaffee?<\/strong><\/h3>\n<p>Dadurch, dass die wachmachende Wirkung von <a title=\"Tee\" href=\"https:\/\/www.auresa.de\/tee\/\" target=\"_blank\" rel=\"noopener\">Tee<\/a> und Kaffee unterschiedlich ausfallen, ging man fr\u00fcher davon aus, dass zwei unterschiedliche Stoffe f\u00fcr den wachmachenden Effekt verantwortlich seien \u2013 Koffein in Kaffee und Teein in Tee. Heute wei\u00df man allerdings, dass es sich auf chemischer ebene dabei um identische Stoffe handelt und die unterschiedliche Wirkung auf etwas anderes zur\u00fcckzuf\u00fchren ist.<\/p>\n<p>Denn <a title=\"Schwarzer Tee\" href=\"https:\/\/www.auresa.de\/schwarzer-tee\/\" target=\"_blank\" rel=\"noopener\">schwarzer Tee<\/a> enth\u00e4lt neben Koffein noch zahlreiche andere Inhaltsstoffe, wozu auch die sogenannten Gerbstoffe z\u00e4hlen. Zum einen sind diese f\u00fcr den feinherben Geschmack des Tees verantwortlich, zum anderen binden sie auch das Koffein. Diese Verbindungen m\u00fcssen in unserem K\u00f6rper erst wieder gel\u00f6st werden, bevor das Koffein seine Wirkung entfalten kann. Und das braucht Zeit, weshalb das Koffein quasi etappenweise freigegeben wird. Dadurch ist die Wirkung langsamer und auch langanhaltender.<\/p>\n<h2><strong>Schwarzer Tee am Morgen \u2013 diese Sorten eignen sich<\/strong><\/h2>\n<p><a title=\"English Breakfast\" href=\"https:\/\/www.auresa.de\/english-breakfast\" target=\"_blank\" rel=\"noopener\"><img loading=\"lazy\" decoding=\"async\" class=\"size-medium wp-image-2770 alignleft\" src=\"https:\/\/www.auresa.de\/blog\/wp-content\/uploads\/2022\/08\/10058-300x300.jpg\" alt=\"Loser Tee English Breakfast\" width=\"300\" height=\"300\" srcset=\"https:\/\/www.auresa.de\/blog\/wp-content\/uploads\/2022\/08\/10058-300x300.jpg 300w, https:\/\/www.auresa.de\/blog\/wp-content\/uploads\/2022\/08\/10058-150x150.jpg 150w, https:\/\/www.auresa.de\/blog\/wp-content\/uploads\/2022\/08\/10058-768x768.jpg 768w, https:\/\/www.auresa.de\/blog\/wp-content\/uploads\/2022\/08\/10058-144x144.jpg 144w, https:\/\/www.auresa.de\/blog\/wp-content\/uploads\/2022\/08\/10058.jpg 1000w\" sizes=\"auto, (max-width: 300px) 100vw, 300px\" \/><\/a><\/p>\n<p>Grunds\u00e4tzlich kann nat\u00fcrlich jeder <a title=\"Schwarzer Tee\" href=\"https:\/\/www.auresa.de\/schwarzer-tee\/\" target=\"_blank\" rel=\"noopener\">schwarze Tee<\/a> am Morgen getrunken werden und f\u00fcr welche Sorte Sie sich schlussendlich entscheiden, ist haupts\u00e4chlich eine Frage des pers\u00f6nlichen Geschmacks. Traditionell werden in den Morgenstunden jedoch meist kr\u00e4ftige Schwarztee Sorten getrunken. Besonders beliebt sind hier <a title=\"Assam Tee\" href=\"https:\/\/www.auresa.de\/assam-tee\/\" target=\"_blank\" rel=\"noopener\">Assam Tee<\/a> und <a title=\"Ceylon Tee\" href=\"https:\/\/www.auresa.de\/ceylon-tee\/\" target=\"_blank\" rel=\"noopener\">Ceylon Tee<\/a>. Aber auch <a title=\"Schwarztee Mischungen\" href=\"https:\/\/www.auresa.de\/mischungen\/\" target=\"_blank\" rel=\"noopener\">Schwarztee Mischungen<\/a> wie <a title=\"English Breakfast\" href=\"https:\/\/www.auresa.de\/english-breakfast\" target=\"_blank\" rel=\"noopener\">English Breakfast<\/a> oder <a title=\"Irish Breakfast\" href=\"https:\/\/www.auresa.de\/irish-breakfast\" target=\"_blank\" rel=\"noopener\">Irish Breakfast<\/a> wandern morgens gerne in die Teetasse. Das liegt daran, dass diese Tees \u00fcber einen sehr gehaltvollen, w\u00fcrzigen und malzigen Geschmack verf\u00fcgen, weshalb sie sich wunderbar mit Milch und Zucker verfeinern lassen. Diese Teesorten eignen sich damit auch perfekt, wenn Sie von Kaffee auf Tee umsteigen m\u00f6chten.<a title=\"Irish Breakfast\" href=\"https:\/\/www.auresa.de\/irish-breakfast\" target=\"_blank\" rel=\"noopener\"><img loading=\"lazy\" decoding=\"async\" class=\"size-medium wp-image-2772 alignright\" src=\"https:\/\/www.auresa.de\/blog\/wp-content\/uploads\/2022\/08\/10062-300x300.jpg\" alt=\"Loser Tee Irish Breakfast\" width=\"300\" height=\"300\" srcset=\"https:\/\/www.auresa.de\/blog\/wp-content\/uploads\/2022\/08\/10062-300x300.jpg 300w, https:\/\/www.auresa.de\/blog\/wp-content\/uploads\/2022\/08\/10062-150x150.jpg 150w, https:\/\/www.auresa.de\/blog\/wp-content\/uploads\/2022\/08\/10062-768x768.jpg 768w, https:\/\/www.auresa.de\/blog\/wp-content\/uploads\/2022\/08\/10062-144x144.jpg 144w, https:\/\/www.auresa.de\/blog\/wp-content\/uploads\/2022\/08\/10062.jpg 1000w\" sizes=\"auto, (max-width: 300px) 100vw, 300px\" \/><\/a><\/p>\n<h2><strong>Fazit \u2013 schwarzer Tee ist der perfekte Wachmacher am Morgen<\/strong><\/h2>\n<p>Wenn Sie nach einer Alternative zu Kaffee und Abwechslung am Fr\u00fchst\u00fcckstisch suchen, dann sind Sie mit <a title=\"Schwarzer Tee\" href=\"https:\/\/www.auresa.de\/schwarzer-tee\/\" target=\"_blank\" rel=\"noopener\">schwarzem Tee<\/a> am Morgen gut beraten. Die gro\u00dfe Sortenvielfalt und die zahlreichen verschiedenen <a title=\"Aromatisierter Schwarztee\" href=\"https:\/\/www.auresa.de\/aromatisierter-schwarztee\/\" target=\"_blank\" rel=\"noopener\">aromatisierten Schwarztees<\/a> sorgen daf\u00fcr, dass es f\u00fcr jeden Geschmack den passenden Tee gibt.<\/p>\n<p>Sie k\u00f6nnen sich nicht f\u00fcr einen Schwarztee entscheiden? Dann schauen Sie doch mal bei unseren <a title=\"Probiersets\" href=\"https:\/\/www.auresa.de\/probiersets\/\" target=\"_blank\" rel=\"noopener\">Probiersets<\/a> vorbei! Unser <a title=\"Schwarztee Probierset\" href=\"https:\/\/www.auresa.de\/schwarztee-probierset\" target=\"_blank\" rel=\"noopener\">Schwarztee Probierset<\/a> und unser <a title=\"Schwarztee Mischungen Probierset\" href=\"https:\/\/www.auresa.de\/schwarztee-mischungen-probierset\" target=\"_blank\" rel=\"noopener\">Schwarztee Mischungen Probierset<\/a> enthalten alle unsere schwarzen Tees in einer praktischen Probiergr\u00f6\u00dfe. So k\u00f6nnen Sie unser Sortiment in aller Ruhe kennenlernen und Ihren neuen Lieblingstee finden.<\/p>\n<div class=\"shariff shariff-align-left shariff-widget-align-left\" data-services=\"facebook\" data-url=\"https:\/\/www.auresa.de\/blog\/schwarzer-tee-am-morgen\/\" data-timestamp=\"1695125326\" data-backendurl=\"https:\/\/www.auresa.de\/blog\/wp-json\/shariff\/v1\/share_counts?\"><ul class=\"shariff-buttons theme-round orientation-horizontal buttonsize-medium\"><li class=\"shariff-button facebook shariff-nocustomcolor\" style=\"background-color:#4273c8\"><a href=\"https:\/\/www.facebook.com\/sharer\/sharer.php?u=https%3A%2F%2Fwww.auresa.de%2Fblog%2Fschwarzer-tee-am-morgen%2F\" title=\"Bei Facebook teilen\" aria-label=\"Bei Facebook teilen\" role=\"button\" rel=\"nofollow\" class=\"shariff-link\" style=\"; background-color:#3b5998; color:#fff\" target=\"_blank\"><span class=\"shariff-icon\" style=\"\"><svg width=\"32px\" height=\"20px\" xmlns=\"http:\/\/www.w3.org\/2000\/svg\" viewBox=\"0 0 18 32\"><path fill=\"#3b5998\" d=\"M17.1 0.2v4.7h-2.8q-1.5 0-2.1 0.6t-0.5 1.9v3.4h5.2l-0.7 5.3h-4.5v13.6h-5.5v-13.6h-4.5v-5.3h4.5v-3.9q0-3.3 1.9-5.2t5-1.8q2.6 0 4.1 0.2z\"\/><\/svg><\/span><\/a><\/li><li class=\"shariff-button twitter shariff-nocustomcolor\" style=\"background-color:#595959\"><a href=\"https:\/\/twitter.com\/share?url=https%3A%2F%2Fwww.auresa.de%2Fblog%2Fschwarzer-tee-am-morgen%2F&text=Schwarzer%20Tee%20am%20Morgen%20%E2%80%93%20darum%20ist%20er%20ideal\" title=\"Bei X teilen\" aria-label=\"Bei X teilen\" role=\"button\" rel=\"noopener nofollow\" class=\"shariff-link\" style=\"; background-color:#000; color:#fff\" target=\"_blank\"><span class=\"shariff-icon\" style=\"\"><svg width=\"32px\" height=\"20px\" xmlns=\"http:\/\/www.w3.org\/2000\/svg\" viewBox=\"0 0 24 24\"><path fill=\"#000\" d=\"M14.258 10.152L23.176 0h-2.113l-7.747 8.813L7.133 0H0l9.352 13.328L0 23.973h2.113l8.176-9.309 6.531 9.309h7.133zm-2.895 3.293l-.949-1.328L2.875 1.56h3.246l6.086 8.523.945 1.328 7.91 11.078h-3.246zm0 0\"\/><\/svg><\/span><\/a><\/li><\/ul><\/div>","protected":false},"excerpt":{"rendered":"<p>Um morgens aus dem Bett und in die G\u00e4nge zu kommen, brauchen viele erstmal eine gro\u00dfe Tasse Kaffee. Das darin enthaltene Koffein gibt uns den Energie-Boost, den wir ben\u00f6tigen, um uns wach und bereit f\u00fcr den Tag zu f\u00fchlen. Aber wussten Sie schon, dass schwarzer Tee am Morgen einen ebenso guten Wachmacher abgibt? Warum da [&hellip;]<\/p>\n","protected":false},"author":3,"featured_media":3725,"comment_status":"open","ping_status":"open","sticky":false,"template":"","format":"standard","meta":{"footnotes":""},"categories":[25,19],"tags":[],"class_list":["post-3721","post","type-post","status-publish","format-standard","has-post-thumbnail","hentry","category-teesorten","category-tipps-und-tricks"],"yoast_head":"<!-- This site is optimized with the Yoast SEO plugin v27.5 - https:\/\/yoast.com\/product\/yoast-seo-wordpress\/ -->\n<title>Schwarzer Tee am Morgen \u2013 darum ist er ideal - AURESA Blog<\/title>\n<meta name=\"description\" content=\"Neben Kaffee ist auch schwarzer Tee am Morgen \u00e4u\u00dferst beliebt. Wir verraten Ihnen, warum Schwarztee der perfekte morgendliche Wachmacher ist!\" \/>\n<meta name=\"robots\" content=\"index, follow, max-snippet:-1, max-image-preview:large, max-video-preview:-1\" \/>\n<link rel=\"canonical\" href=\"https:\/\/www.auresa.de\/blog\/schwarzer-tee-am-morgen\/\" \/>\n<meta property=\"og:locale\" content=\"de_DE\" \/>\n<meta property=\"og:type\" content=\"article\" \/>\n<meta property=\"og:title\" content=\"Schwarzer Tee am Morgen \u2013 darum ist er ideal - AURESA Blog\" \/>\n<meta property=\"og:description\" content=\"Neben Kaffee ist auch schwarzer Tee am Morgen \u00e4u\u00dferst beliebt. Wir verraten Ihnen, warum Schwarztee der perfekte morgendliche Wachmacher ist!\" \/>\n<meta property=\"og:url\" content=\"https:\/\/www.auresa.de\/blog\/schwarzer-tee-am-morgen\/\" \/>\n<meta property=\"og:site_name\" content=\"AURESA Blog\" \/>\n<meta property=\"article:published_time\" content=\"2024-02-12T12:00:30+00:00\" \/>\n<meta property=\"og:image\" content=\"https:\/\/www.auresa.de\/blog\/wp-content\/uploads\/2024\/02\/schwarzer-tee-am-morgen.jpg\" \/>\n\t<meta property=\"og:image:width\" content=\"960\" \/>\n\t<meta property=\"og:image:height\" content=\"640\" \/>\n\t<meta property=\"og:image:type\" content=\"image\/jpeg\" \/>\n<meta name=\"author\" content=\"Sarah Niederb\u00fchl\" \/>\n<meta name=\"twitter:card\" content=\"summary_large_image\" \/>\n<meta name=\"twitter:label1\" content=\"Verfasst von\" \/>\n\t<meta name=\"twitter:data1\" content=\"Sarah Niederb\u00fchl\" \/>\n\t<meta name=\"twitter:label2\" content=\"Gesch\u00e4tzte Lesezeit\" \/>\n\t<meta name=\"twitter:data2\" content=\"4\u00a0Minuten\" \/>\n<script type=\"application\/ld+json\" class=\"yoast-schema-graph\">{\"@context\":\"https:\\\/\\\/schema.org\",\"@graph\":[{\"@type\":\"Article\",\"@id\":\"https:\\\/\\\/www.auresa.de\\\/blog\\\/schwarzer-tee-am-morgen\\\/#article\",\"isPartOf\":{\"@id\":\"https:\\\/\\\/www.auresa.de\\\/blog\\\/schwarzer-tee-am-morgen\\\/\"},\"author\":{\"name\":\"Sarah Niederb\u00fchl\",\"@id\":\"https:\\\/\\\/www.auresa.de\\\/blog\\\/#\\\/schema\\\/person\\\/118ae9d927aea2db58d68aea714d9cf7\"},\"headline\":\"Schwarzer Tee am Morgen \u2013 darum ist er ideal\",\"datePublished\":\"2024-02-12T12:00:30+00:00\",\"mainEntityOfPage\":{\"@id\":\"https:\\\/\\\/www.auresa.de\\\/blog\\\/schwarzer-tee-am-morgen\\\/\"},\"wordCount\":678,\"commentCount\":0,\"publisher\":{\"@id\":\"https:\\\/\\\/www.auresa.de\\\/blog\\\/#organization\"},\"image\":{\"@id\":\"https:\\\/\\\/www.auresa.de\\\/blog\\\/schwarzer-tee-am-morgen\\\/#primaryimage\"},\"thumbnailUrl\":\"https:\\\/\\\/www.auresa.de\\\/blog\\\/wp-content\\\/uploads\\\/2024\\\/02\\\/schwarzer-tee-am-morgen.jpg\",\"articleSection\":[\"Teesorten\",\"Tipps &amp; Tricks\"],\"inLanguage\":\"de\",\"potentialAction\":[{\"@type\":\"CommentAction\",\"name\":\"Comment\",\"target\":[\"https:\\\/\\\/www.auresa.de\\\/blog\\\/schwarzer-tee-am-morgen\\\/#respond\"]}]},{\"@type\":\"WebPage\",\"@id\":\"https:\\\/\\\/www.auresa.de\\\/blog\\\/schwarzer-tee-am-morgen\\\/\",\"url\":\"https:\\\/\\\/www.auresa.de\\\/blog\\\/schwarzer-tee-am-morgen\\\/\",\"name\":\"Schwarzer Tee am Morgen \u2013 darum ist er ideal - AURESA Blog\",\"isPartOf\":{\"@id\":\"https:\\\/\\\/www.auresa.de\\\/blog\\\/#website\"},\"primaryImageOfPage\":{\"@id\":\"https:\\\/\\\/www.auresa.de\\\/blog\\\/schwarzer-tee-am-morgen\\\/#primaryimage\"},\"image\":{\"@id\":\"https:\\\/\\\/www.auresa.de\\\/blog\\\/schwarzer-tee-am-morgen\\\/#primaryimage\"},\"thumbnailUrl\":\"https:\\\/\\\/www.auresa.de\\\/blog\\\/wp-content\\\/uploads\\\/2024\\\/02\\\/schwarzer-tee-am-morgen.jpg\",\"datePublished\":\"2024-02-12T12:00:30+00:00\",\"description\":\"Neben Kaffee ist auch schwarzer Tee am Morgen \u00e4u\u00dferst beliebt. Wir verraten Ihnen, warum Schwarztee der perfekte morgendliche Wachmacher ist!\",\"breadcrumb\":{\"@id\":\"https:\\\/\\\/www.auresa.de\\\/blog\\\/schwarzer-tee-am-morgen\\\/#breadcrumb\"},\"inLanguage\":\"de\",\"potentialAction\":[{\"@type\":\"ReadAction\",\"target\":[\"https:\\\/\\\/www.auresa.de\\\/blog\\\/schwarzer-tee-am-morgen\\\/\"]}]},{\"@type\":\"ImageObject\",\"inLanguage\":\"de\",\"@id\":\"https:\\\/\\\/www.auresa.de\\\/blog\\\/schwarzer-tee-am-morgen\\\/#primaryimage\",\"url\":\"https:\\\/\\\/www.auresa.de\\\/blog\\\/wp-content\\\/uploads\\\/2024\\\/02\\\/schwarzer-tee-am-morgen.jpg\",\"contentUrl\":\"https:\\\/\\\/www.auresa.de\\\/blog\\\/wp-content\\\/uploads\\\/2024\\\/02\\\/schwarzer-tee-am-morgen.jpg\",\"width\":960,\"height\":640},{\"@type\":\"BreadcrumbList\",\"@id\":\"https:\\\/\\\/www.auresa.de\\\/blog\\\/schwarzer-tee-am-morgen\\\/#breadcrumb\",\"itemListElement\":[{\"@type\":\"ListItem\",\"position\":1,\"name\":\"Startseite\",\"item\":\"https:\\\/\\\/www.auresa.de\\\/blog\\\/\"},{\"@type\":\"ListItem\",\"position\":2,\"name\":\"Schwarzer Tee am Morgen \u2013 darum ist er ideal\"}]},{\"@type\":\"WebSite\",\"@id\":\"https:\\\/\\\/www.auresa.de\\\/blog\\\/#website\",\"url\":\"https:\\\/\\\/www.auresa.de\\\/blog\\\/\",\"name\":\"AURESA Blog\",\"description\":\"\",\"publisher\":{\"@id\":\"https:\\\/\\\/www.auresa.de\\\/blog\\\/#organization\"},\"potentialAction\":[{\"@type\":\"SearchAction\",\"target\":{\"@type\":\"EntryPoint\",\"urlTemplate\":\"https:\\\/\\\/www.auresa.de\\\/blog\\\/?s={search_term_string}\"},\"query-input\":{\"@type\":\"PropertyValueSpecification\",\"valueRequired\":true,\"valueName\":\"search_term_string\"}}],\"inLanguage\":\"de\"},{\"@type\":\"Organization\",\"@id\":\"https:\\\/\\\/www.auresa.de\\\/blog\\\/#organization\",\"name\":\"AURESA\",\"url\":\"https:\\\/\\\/www.auresa.de\\\/blog\\\/\",\"logo\":{\"@type\":\"ImageObject\",\"inLanguage\":\"de\",\"@id\":\"https:\\\/\\\/www.auresa.de\\\/blog\\\/#\\\/schema\\\/logo\\\/image\\\/\",\"url\":\"https:\\\/\\\/www.auresa.de\\\/blog\\\/wp-content\\\/uploads\\\/2019\\\/08\\\/auresa-logo-copyright.jpg\",\"contentUrl\":\"https:\\\/\\\/www.auresa.de\\\/blog\\\/wp-content\\\/uploads\\\/2019\\\/08\\\/auresa-logo-copyright.jpg\",\"width\":2866,\"height\":856,\"caption\":\"AURESA\"},\"image\":{\"@id\":\"https:\\\/\\\/www.auresa.de\\\/blog\\\/#\\\/schema\\\/logo\\\/image\\\/\"}},{\"@type\":\"Person\",\"@id\":\"https:\\\/\\\/www.auresa.de\\\/blog\\\/#\\\/schema\\\/person\\\/118ae9d927aea2db58d68aea714d9cf7\",\"name\":\"Sarah Niederb\u00fchl\",\"image\":{\"@type\":\"ImageObject\",\"inLanguage\":\"de\",\"@id\":\"https:\\\/\\\/secure.gravatar.com\\\/avatar\\\/9318a589fd1e4be79a14d53d5af71f8a26acb40419eb26782565617103fac512?s=96&d=mm&r=g\",\"url\":\"https:\\\/\\\/secure.gravatar.com\\\/avatar\\\/9318a589fd1e4be79a14d53d5af71f8a26acb40419eb26782565617103fac512?s=96&d=mm&r=g\",\"contentUrl\":\"https:\\\/\\\/secure.gravatar.com\\\/avatar\\\/9318a589fd1e4be79a14d53d5af71f8a26acb40419eb26782565617103fac512?s=96&d=mm&r=g\",\"caption\":\"Sarah Niederb\u00fchl\"},\"url\":\"https:\\\/\\\/www.auresa.de\\\/blog\\\/author\\\/sarah-niederbuehl\\\/\"}]}<\/script>\n<!-- \/ Yoast SEO plugin. -->","yoast_head_json":{"title":"Schwarzer Tee am Morgen \u2013 darum ist er ideal - AURESA Blog","description":"Neben Kaffee ist auch schwarzer Tee am Morgen \u00e4u\u00dferst beliebt. Wir verraten Ihnen, warum Schwarztee der perfekte morgendliche Wachmacher ist!","robots":{"index":"index","follow":"follow","max-snippet":"max-snippet:-1","max-image-preview":"max-image-preview:large","max-video-preview":"max-video-preview:-1"},"canonical":"https:\/\/www.auresa.de\/blog\/schwarzer-tee-am-morgen\/","og_locale":"de_DE","og_type":"article","og_title":"Schwarzer Tee am Morgen \u2013 darum ist er ideal - AURESA Blog","og_description":"Neben Kaffee ist auch schwarzer Tee am Morgen \u00e4u\u00dferst beliebt. Wir verraten Ihnen, warum Schwarztee der perfekte morgendliche Wachmacher ist!","og_url":"https:\/\/www.auresa.de\/blog\/schwarzer-tee-am-morgen\/","og_site_name":"AURESA Blog","article_published_time":"2024-02-12T12:00:30+00:00","og_image":[{"width":960,"height":640,"url":"https:\/\/www.auresa.de\/blog\/wp-content\/uploads\/2024\/02\/schwarzer-tee-am-morgen.jpg","type":"image\/jpeg"}],"author":"Sarah Niederb\u00fchl","twitter_card":"summary_large_image","twitter_misc":{"Verfasst von":"Sarah Niederb\u00fchl","Gesch\u00e4tzte Lesezeit":"4\u00a0Minuten"},"schema":{"@context":"https:\/\/schema.org","@graph":[{"@type":"Article","@id":"https:\/\/www.auresa.de\/blog\/schwarzer-tee-am-morgen\/#article","isPartOf":{"@id":"https:\/\/www.auresa.de\/blog\/schwarzer-tee-am-morgen\/"},"author":{"name":"Sarah Niederb\u00fchl","@id":"https:\/\/www.auresa.de\/blog\/#\/schema\/person\/118ae9d927aea2db58d68aea714d9cf7"},"headline":"Schwarzer Tee am Morgen \u2013 darum ist er ideal","datePublished":"2024-02-12T12:00:30+00:00","mainEntityOfPage":{"@id":"https:\/\/www.auresa.de\/blog\/schwarzer-tee-am-morgen\/"},"wordCount":678,"commentCount":0,"publisher":{"@id":"https:\/\/www.auresa.de\/blog\/#organization"},"image":{"@id":"https:\/\/www.auresa.de\/blog\/schwarzer-tee-am-morgen\/#primaryimage"},"thumbnailUrl":"https:\/\/www.auresa.de\/blog\/wp-content\/uploads\/2024\/02\/schwarzer-tee-am-morgen.jpg","articleSection":["Teesorten","Tipps &amp; Tricks"],"inLanguage":"de","potentialAction":[{"@type":"CommentAction","name":"Comment","target":["https:\/\/www.auresa.de\/blog\/schwarzer-tee-am-morgen\/#respond"]}]},{"@type":"WebPage","@id":"https:\/\/www.auresa.de\/blog\/schwarzer-tee-am-morgen\/","url":"https:\/\/www.auresa.de\/blog\/schwarzer-tee-am-morgen\/","name":"Schwarzer Tee am Morgen \u2013 darum ist er ideal - AURESA Blog","isPartOf":{"@id":"https:\/\/www.auresa.de\/blog\/#website"},"primaryImageOfPage":{"@id":"https:\/\/www.auresa.de\/blog\/schwarzer-tee-am-morgen\/#primaryimage"},"image":{"@id":"https:\/\/www.auresa.de\/blog\/schwarzer-tee-am-morgen\/#primaryimage"},"thumbnailUrl":"https:\/\/www.auresa.de\/blog\/wp-content\/uploads\/2024\/02\/schwarzer-tee-am-morgen.jpg","datePublished":"2024-02-12T12:00:30+00:00","description":"Neben Kaffee ist auch schwarzer Tee am Morgen \u00e4u\u00dferst beliebt. Wir verraten Ihnen, warum Schwarztee der perfekte morgendliche Wachmacher ist!","breadcrumb":{"@id":"https:\/\/www.auresa.de\/blog\/schwarzer-tee-am-morgen\/#breadcrumb"},"inLanguage":"de","potentialAction":[{"@type":"ReadAction","target":["https:\/\/www.auresa.de\/blog\/schwarzer-tee-am-morgen\/"]}]},{"@type":"ImageObject","inLanguage":"de","@id":"https:\/\/www.auresa.de\/blog\/schwarzer-tee-am-morgen\/#primaryimage","url":"https:\/\/www.auresa.de\/blog\/wp-content\/uploads\/2024\/02\/schwarzer-tee-am-morgen.jpg","contentUrl":"https:\/\/www.auresa.de\/blog\/wp-content\/uploads\/2024\/02\/schwarzer-tee-am-morgen.jpg","width":960,"height":640},{"@type":"BreadcrumbList","@id":"https:\/\/www.auresa.de\/blog\/schwarzer-tee-am-morgen\/#breadcrumb","itemListElement":[{"@type":"ListItem","position":1,"name":"Startseite","item":"https:\/\/www.auresa.de\/blog\/"},{"@type":"ListItem","position":2,"name":"Schwarzer Tee am Morgen \u2013 darum ist er ideal"}]},{"@type":"WebSite","@id":"https:\/\/www.auresa.de\/blog\/#website","url":"https:\/\/www.auresa.de\/blog\/","name":"AURESA Blog","description":"","publisher":{"@id":"https:\/\/www.auresa.de\/blog\/#organization"},"potentialAction":[{"@type":"SearchAction","target":{"@type":"EntryPoint","urlTemplate":"https:\/\/www.auresa.de\/blog\/?s={search_term_string}"},"query-input":{"@type":"PropertyValueSpecification","valueRequired":true,"valueName":"search_term_string"}}],"inLanguage":"de"},{"@type":"Organization","@id":"https:\/\/www.auresa.de\/blog\/#organization","name":"AURESA","url":"https:\/\/www.auresa.de\/blog\/","logo":{"@type":"ImageObject","inLanguage":"de","@id":"https:\/\/www.auresa.de\/blog\/#\/schema\/logo\/image\/","url":"https:\/\/www.auresa.de\/blog\/wp-content\/uploads\/2019\/08\/auresa-logo-copyright.jpg","contentUrl":"https:\/\/www.auresa.de\/blog\/wp-content\/uploads\/2019\/08\/auresa-logo-copyright.jpg","width":2866,"height":856,"caption":"AURESA"},"image":{"@id":"https:\/\/www.auresa.de\/blog\/#\/schema\/logo\/image\/"}},{"@type":"Person","@id":"https:\/\/www.auresa.de\/blog\/#\/schema\/person\/118ae9d927aea2db58d68aea714d9cf7","name":"Sarah Niederb\u00fchl","image":{"@type":"ImageObject","inLanguage":"de","@id":"https:\/\/secure.gravatar.com\/avatar\/9318a589fd1e4be79a14d53d5af71f8a26acb40419eb26782565617103fac512?s=96&d=mm&r=g","url":"https:\/\/secure.gravatar.com\/avatar\/9318a589fd1e4be79a14d53d5af71f8a26acb40419eb26782565617103fac512?s=96&d=mm&r=g","contentUrl":"https:\/\/secure.gravatar.com\/avatar\/9318a589fd1e4be79a14d53d5af71f8a26acb40419eb26782565617103fac512?s=96&d=mm&r=g","caption":"Sarah Niederb\u00fchl"},"url":"https:\/\/www.auresa.de\/blog\/author\/sarah-niederbuehl\/"}]}},"_links":{"self":[{"href":"https:\/\/www.auresa.de\/blog\/wp-json\/wp\/v2\/posts\/3721","targetHints":{"allow":["GET"]}}],"collection":[{"href":"https:\/\/www.auresa.de\/blog\/wp-json\/wp\/v2\/posts"}],"about":[{"href":"https:\/\/www.auresa.de\/blog\/wp-json\/wp\/v2\/types\/post"}],"author":[{"embeddable":true,"href":"https:\/\/www.auresa.de\/blog\/wp-json\/wp\/v2\/users\/3"}],"replies":[{"embeddable":true,"href":"https:\/\/www.auresa.de\/blog\/wp-json\/wp\/v2\/comments?post=3721"}],"version-history":[{"count":5,"href":"https:\/\/www.auresa.de\/blog\/wp-json\/wp\/v2\/posts\/3721\/revisions"}],"predecessor-version":[{"id":4372,"href":"https:\/\/www.auresa.de\/blog\/wp-json\/wp\/v2\/posts\/3721\/revisions\/4372"}],"wp:featuredmedia":[{"embeddable":true,"href":"https:\/\/www.auresa.de\/blog\/wp-json\/wp\/v2\/media\/3725"}],"wp:attachment":[{"href":"https:\/\/www.auresa.de\/blog\/wp-json\/wp\/v2\/media?parent=3721"}],"wp:term":[{"taxonomy":"category","embeddable":true,"href":"https:\/\/www.auresa.de\/blog\/wp-json\/wp\/v2\/categories?post=3721"},{"taxonomy":"post_tag","embeddable":true,"href":"https:\/\/www.auresa.de\/blog\/wp-json\/wp\/v2\/tags?post=3721"}],"curies":[{"name":"wp","href":"https:\/\/api.w.org\/{rel}","templated":true}]}}